{"id":30,"date":"2019-05-06T14:33:44","date_gmt":"2019-05-06T12:33:44","guid":{"rendered":"http:\/\/91.189.171.156\/~tiltak\/?p=30"},"modified":"2025-01-09T12:52:07","modified_gmt":"2025-01-09T11:52:07","slug":"sinnasnekkern-og-til-tak","status":"publish","type":"post","link":"https:\/\/til-tak.no\/en\/blog\/2019\/05\/06\/sinnasnekkern-og-til-tak\/","title":{"rendered":"Sinnasnekker&#8217;n l\u00e6rer seg TIL-TAK!"},"content":{"rendered":"<h2 class=\"wp-block-heading\" id=\"h-ny-uteplass-under-gammel-veranda-sinnasnekker-n-prover-til-tak-dreneringssystem-for-forste-gang\">Ny uteplass under gammel veranda; Sinnasnekker&#8217;n pr\u00f8ver TIL-TAK dreneringssystem for f\u00f8rste gang!<\/h2>\n\n\n\n<p>Med hjelp fra Sinnasnekker&#8217;n og TIL-TAK dreneringssystemer fra TIL-TAK AS, har Renate og Andr\u00e9 forvandlet et fuktig og ubrukelig omr\u00e5de under den gamle terrassen med en t\u00f8rr og deilig <a href=\"https:\/\/no.wikipedia.org\/wiki\/Oase\">oase<\/a>. Her koser familien og venner seg fra tidlig morgenstund til sene kveldstimer<\/p>\n\n\n\n<h2 class=\"wp-block-heading\" id=\"h-total-forvandling-av-uteomradet\">Total forvandling av uteomr\u00e5det <\/h2>\n\n\n\n<figure class=\"wp-block-image size-full\"><img decoding=\"async\" width=\"560\" height=\"390\" data-src=\"https:\/\/til-tak.no\/wp-content\/uploads\/2019\/08\/RENATE.jpg\" alt=\"\" class=\"wp-image-1145 lazyload\" data-srcset=\"https:\/\/til-tak.no\/wp-content\/uploads\/2019\/08\/RENATE.jpg 560w, https:\/\/til-tak.no\/wp-content\/uploads\/2019\/08\/RENATE-300x209.jpg 300w\" data-sizes=\"(max-width: 560px) 100vw, 560px\" src=\"data:image\/gif;base64,R0lGODlhAQABAAAAACH5BAEKAAEALAAAAAABAAEAAAICTAEAOw==\" style=\"--smush-placeholder-width: 560px; --smush-placeholder-aspect-ratio: 560\/390;\" \/><\/figure>\n\n\n\n<p>Da TIL-TAK kontaktet oss og lurte p\u00e5 om Sinnasnekker&#8217;n kunne v\u00e6re med p\u00e5 en total forvandling av uteomr\u00e5det under den gamle terrassen v\u00e5r, ble vi veldig begeistret, forteller paret.<\/p>\n\n\n\n<figure class=\"wp-block-image size-large\"><a href=\"https:\/\/til-tak.no\/wp-content\/uploads\/2019\/11\/2019-10-25-15.32.13-3.jpg\"><img decoding=\"async\" width=\"1024\" height=\"768\" data-src=\"https:\/\/til-tak.no\/wp-content\/uploads\/2019\/11\/2019-10-25-15.32.13-3-1024x768.jpg\" alt=\"Her vises et innredet areal under terrassen, med utekj\u00f8kken, spisegruppe og innglassing\" class=\"wp-image-3364 lazyload\" data-srcset=\"https:\/\/til-tak.no\/wp-content\/uploads\/2019\/11\/2019-10-25-15.32.13-3-1024x768.jpg 1024w, https:\/\/til-tak.no\/wp-content\/uploads\/2019\/11\/2019-10-25-15.32.13-3-300x225.jpg 300w, https:\/\/til-tak.no\/wp-content\/uploads\/2019\/11\/2019-10-25-15.32.13-3-768x576.jpg 768w, https:\/\/til-tak.no\/wp-content\/uploads\/2019\/11\/2019-10-25-15.32.13-3-600x450.jpg 600w\" data-sizes=\"(max-width: 1024px) 100vw, 1024px\" src=\"data:image\/gif;base64,R0lGODlhAQABAAAAACH5BAEKAAEALAAAAAABAAEAAAICTAEAOw==\" style=\"--smush-placeholder-width: 1024px; --smush-placeholder-aspect-ratio: 1024\/768;\" \/><\/a><\/figure>\n\n\n\n<h2 class=\"wp-block-heading\" id=\"h-har-fatt-tilfort-bade-eiendommen-og-hjemmet-stor-verdi\">Har f\u00e5tt tilf\u00f8rt b\u00e5de eiendommen og hjemmet stor verdi<\/h2>\n\n\n\n<p>N\u00e5r man ser hva vi har f\u00e5tt ut av arealet som tidligere var ubrukelig, og bare stod som et dystert skille mellom hus og hage, er vi overveldet.  Med tre barn tilbringer de mye tid ute. \u00c5 knytte sammen inne- og utearealer p\u00e5 en s\u00e5 fantastisk m\u00e5te gir en harmoni i hele familien. Paret mener de har f\u00e5tt tilf\u00f8rt b\u00e5de eiendommen og hjemmet stor verdi. De kan n\u00e5 lage mat, sitte og spise og snakke utend\u00f8rs, og ha en naturlig overgang mellom inne- og uterom.<\/p>\n\n\n\n<h2 class=\"wp-block-heading\" id=\"h-otto-forklarer\">Otto forklarer:<\/h2>\n\n\n\n<h3 class=\"wp-block-heading\" id=\"h-vi-onsket-a-forsterke-baereevnen\">Vi \u00f8nsket \u00e5 forsterke b\u00e6reevnen <\/h3>\n\n\n\n<p>L\u00f8sningen ble \u00e5 bruke senteravstand 50 cm og h\u00f8yere bjelker; -derfor valgte vi TIL-TAK Light terrasseduk<\/p>\n\n\n\n<figure class=\"wp-block-gallery has-nested-images columns-default is-cropped wp-block-gallery-1 is-layout-flex wp-block-gallery-is-layout-flex\">\n<figure class=\"wp-block-image size-large\"><a href=\"https:\/\/til-tak.no\/wp-content\/uploads\/2019\/11\/2018-10-19-11.57.18-2.jpg\"><img decoding=\"async\" width=\"1024\" height=\"768\" data-id=\"3297\" data-src=\"https:\/\/til-tak.no\/wp-content\/uploads\/2019\/11\/2018-10-19-11.57.18-2-1024x768.jpg\" alt=\"\" class=\"wp-image-3297 lazyload\" data-srcset=\"https:\/\/til-tak.no\/wp-content\/uploads\/2019\/11\/2018-10-19-11.57.18-2-1024x768.jpg 1024w, https:\/\/til-tak.no\/wp-content\/uploads\/2019\/11\/2018-10-19-11.57.18-2-300x225.jpg 300w, https:\/\/til-tak.no\/wp-content\/uploads\/2019\/11\/2018-10-19-11.57.18-2-768x576.jpg 768w, https:\/\/til-tak.no\/wp-content\/uploads\/2019\/11\/2018-10-19-11.57.18-2-600x450.jpg 600w\" data-sizes=\"(max-width: 1024px) 100vw, 1024px\" src=\"data:image\/gif;base64,R0lGODlhAQABAAAAACH5BAEKAAEALAAAAAABAAEAAAICTAEAOw==\" style=\"--smush-placeholder-width: 1024px; --smush-placeholder-aspect-ratio: 1024\/768;\" \/><\/a><\/figure>\n\n\n\n<figure class=\"wp-block-image size-large\"><a href=\"https:\/\/til-tak.no\/wp-content\/uploads\/2019\/11\/2018-10-04-17.01.07-1024x768.jpg\"><img decoding=\"async\" width=\"1024\" height=\"768\" data-id=\"3299\" data-src=\"https:\/\/til-tak.no\/wp-content\/uploads\/2019\/11\/2018-10-04-17.01.07-1024x768.jpg\" alt=\"\" class=\"wp-image-3299 lazyload\" data-srcset=\"https:\/\/til-tak.no\/wp-content\/uploads\/2019\/11\/2018-10-04-17.01.07-1024x768.jpg 1024w, https:\/\/til-tak.no\/wp-content\/uploads\/2019\/11\/2018-10-04-17.01.07-300x225.jpg 300w, https:\/\/til-tak.no\/wp-content\/uploads\/2019\/11\/2018-10-04-17.01.07-768x576.jpg 768w, https:\/\/til-tak.no\/wp-content\/uploads\/2019\/11\/2018-10-04-17.01.07-600x450.jpg 600w\" data-sizes=\"(max-width: 1024px) 100vw, 1024px\" src=\"data:image\/gif;base64,R0lGODlhAQABAAAAACH5BAEKAAEALAAAAAABAAEAAAICTAEAOw==\" style=\"--smush-placeholder-width: 1024px; --smush-placeholder-aspect-ratio: 1024\/768;\" \/><\/a><\/figure>\n\n\n\n<figure class=\"wp-block-image size-large\"><a href=\"https:\/\/til-tak.no\/wp-content\/uploads\/2019\/11\/2018-12-11-11.32.12.jpg\"><img decoding=\"async\" width=\"1024\" height=\"768\" data-id=\"3302\" data-src=\"https:\/\/til-tak.no\/wp-content\/uploads\/2019\/11\/2018-12-11-11.32.12-1024x768.jpg\" alt=\"team otto\" class=\"wp-image-3302 lazyload\" data-srcset=\"https:\/\/til-tak.no\/wp-content\/uploads\/2019\/11\/2018-12-11-11.32.12-1024x768.jpg 1024w, https:\/\/til-tak.no\/wp-content\/uploads\/2019\/11\/2018-12-11-11.32.12-300x225.jpg 300w, https:\/\/til-tak.no\/wp-content\/uploads\/2019\/11\/2018-12-11-11.32.12-768x576.jpg 768w, https:\/\/til-tak.no\/wp-content\/uploads\/2019\/11\/2018-12-11-11.32.12-600x450.jpg 600w\" data-sizes=\"(max-width: 1024px) 100vw, 1024px\" src=\"data:image\/gif;base64,R0lGODlhAQABAAAAACH5BAEKAAEALAAAAAABAAEAAAICTAEAOw==\" style=\"--smush-placeholder-width: 1024px; --smush-placeholder-aspect-ratio: 1024\/768;\" \/><\/a><\/figure>\n\n\n\n<figure class=\"wp-block-image size-large\"><a href=\"https:\/\/til-tak.no\/wp-content\/uploads\/2019\/11\/2018-12-11-11.33.38-1-1024x768.jpg\"><img decoding=\"async\" width=\"1024\" height=\"768\" data-id=\"3306\" data-src=\"https:\/\/til-tak.no\/wp-content\/uploads\/2019\/11\/2018-12-11-11.33.38-1-1024x768.jpg\" alt=\"\" class=\"wp-image-3306 lazyload\" data-srcset=\"https:\/\/til-tak.no\/wp-content\/uploads\/2019\/11\/2018-12-11-11.33.38-1-1024x768.jpg 1024w, https:\/\/til-tak.no\/wp-content\/uploads\/2019\/11\/2018-12-11-11.33.38-1-300x225.jpg 300w, https:\/\/til-tak.no\/wp-content\/uploads\/2019\/11\/2018-12-11-11.33.38-1-768x576.jpg 768w, https:\/\/til-tak.no\/wp-content\/uploads\/2019\/11\/2018-12-11-11.33.38-1-600x450.jpg 600w\" data-sizes=\"(max-width: 1024px) 100vw, 1024px\" src=\"data:image\/gif;base64,R0lGODlhAQABAAAAACH5BAEKAAEALAAAAAABAAEAAAICTAEAOw==\" style=\"--smush-placeholder-width: 1024px; --smush-placeholder-aspect-ratio: 1024\/768;\" \/><\/a><\/figure>\n\n\n\n<figure class=\"wp-block-image size-large\"><a href=\"https:\/\/til-tak.no\/wp-content\/uploads\/2019\/11\/2019-03-12-08.17.31.jpg\"><img decoding=\"async\" width=\"1024\" height=\"768\" data-id=\"3308\" data-src=\"https:\/\/til-tak.no\/wp-content\/uploads\/2019\/11\/2019-03-12-08.17.31-1024x768.jpg\" alt=\"team otto\" class=\"wp-image-3308 lazyload\" data-srcset=\"https:\/\/til-tak.no\/wp-content\/uploads\/2019\/11\/2019-03-12-08.17.31-1024x768.jpg 1024w, https:\/\/til-tak.no\/wp-content\/uploads\/2019\/11\/2019-03-12-08.17.31-300x225.jpg 300w, https:\/\/til-tak.no\/wp-content\/uploads\/2019\/11\/2019-03-12-08.17.31-768x576.jpg 768w, https:\/\/til-tak.no\/wp-content\/uploads\/2019\/11\/2019-03-12-08.17.31-600x450.jpg 600w\" data-sizes=\"(max-width: 1024px) 100vw, 1024px\" src=\"data:image\/gif;base64,R0lGODlhAQABAAAAACH5BAEKAAEALAAAAAABAAEAAAICTAEAOw==\" style=\"--smush-placeholder-width: 1024px; --smush-placeholder-aspect-ratio: 1024\/768;\" \/><\/a><\/figure>\n<\/figure>\n\n\n\n<p>Renate og Andr\u00e9 \u00f8nsket \u00e5 forsterke b\u00e6reevnen til den gamle verandaen. Derfor rev de den gamle terrassen og bygget den opp helt fra bunnen av. De valgte \u00e5 bytte ut de gamle 148 mm bjelkene med 198 mm bjelker og korte inn senteravstanden mellom bjelkene til 50 cm. Dermed falt valget p\u00e5 <a href=\"https:\/\/til-tak.no\/en\/forside\/til-tak-light\/\">TIL-TAK Light terrasseduk<\/a> med senteravstand 50 cm, og grunnmurspapp opp\u00e5 bjelkene. Otto var sv\u00e6rt begeistret for denne l\u00f8sningen.<\/p>\n\n\n\n<h2 class=\"wp-block-heading\" id=\"h-sinnasnekker-n-var-veldig-fornoyd-og-slett-ikke-sa-sint\">Sinnasnekker&#8217;n var veldig forn\u00f8yd, og slett ikke s\u00e5 sint.<\/h2>\n\n\n\n<figure class=\"wp-block-gallery has-nested-images columns-default is-cropped wp-block-gallery-2 is-layout-flex wp-block-gallery-is-layout-flex\">\n<figure class=\"wp-block-image size-large\"><a href=\"https:\/\/til-tak.no\/wp-content\/uploads\/2022\/09\/team-otto02-scaled.jpg\"><img decoding=\"async\" width=\"1024\" height=\"629\" data-id=\"40514\" data-src=\"https:\/\/til-tak.no\/wp-content\/uploads\/2022\/09\/team-otto02-1024x629.jpg\" alt=\"team otto\" class=\"wp-image-40514 lazyload\" data-srcset=\"https:\/\/til-tak.no\/wp-content\/uploads\/2022\/09\/team-otto02-1024x629.jpg 1024w, https:\/\/til-tak.no\/wp-content\/uploads\/2022\/09\/team-otto02-300x184.jpg 300w, https:\/\/til-tak.no\/wp-content\/uploads\/2022\/09\/team-otto02-768x471.jpg 768w, https:\/\/til-tak.no\/wp-content\/uploads\/2022\/09\/team-otto02-1536x943.jpg 1536w, https:\/\/til-tak.no\/wp-content\/uploads\/2022\/09\/team-otto02-2048x1257.jpg 2048w, https:\/\/til-tak.no\/wp-content\/uploads\/2022\/09\/team-otto02-18x12.jpg 18w, https:\/\/til-tak.no\/wp-content\/uploads\/2022\/09\/team-otto02-600x368.jpg 600w, https:\/\/til-tak.no\/wp-content\/uploads\/2022\/09\/team-otto02-scaled.jpg 1920w\" data-sizes=\"(max-width: 1024px) 100vw, 1024px\" src=\"data:image\/gif;base64,R0lGODlhAQABAAAAACH5BAEKAAEALAAAAAABAAEAAAICTAEAOw==\" style=\"--smush-placeholder-width: 1024px; --smush-placeholder-aspect-ratio: 1024\/629;\" \/><\/a><figcaption class=\"wp-element-caption\">Sinnasnekker&#8217;n og gjengen nyter en velfortjent pause i den nyetablert uteplassen<\/figcaption><\/figure>\n<\/figure>\n\n\n\n<figure class=\"wp-block-gallery has-nested-images columns-default is-cropped wp-block-gallery-3 is-layout-flex wp-block-gallery-is-layout-flex\">\n<figure class=\"wp-block-image size-large\"><a href=\"https:\/\/til-tak.no\/wp-content\/uploads\/2019\/11\/2019-03-25-20.28.53-1024x768.jpg\"><img decoding=\"async\" width=\"1024\" height=\"768\" data-id=\"3311\" data-src=\"https:\/\/til-tak.no\/wp-content\/uploads\/2019\/11\/2019-03-25-20.28.53-1024x768.jpg\" alt=\"\" class=\"wp-image-3311 lazyload\" data-srcset=\"https:\/\/til-tak.no\/wp-content\/uploads\/2019\/11\/2019-03-25-20.28.53-1024x768.jpg 1024w, https:\/\/til-tak.no\/wp-content\/uploads\/2019\/11\/2019-03-25-20.28.53-300x225.jpg 300w, https:\/\/til-tak.no\/wp-content\/uploads\/2019\/11\/2019-03-25-20.28.53-768x576.jpg 768w, https:\/\/til-tak.no\/wp-content\/uploads\/2019\/11\/2019-03-25-20.28.53-600x450.jpg 600w, https:\/\/til-tak.no\/wp-content\/uploads\/2019\/11\/2019-03-25-20.28.53.jpg 1210w\" data-sizes=\"(max-width: 1024px) 100vw, 1024px\" src=\"data:image\/gif;base64,R0lGODlhAQABAAAAACH5BAEKAAEALAAAAAABAAEAAAICTAEAOw==\" style=\"--smush-placeholder-width: 1024px; --smush-placeholder-aspect-ratio: 1024\/768;\" \/><\/a><figcaption class=\"wp-element-caption\">Her kommer innglasset utekj\u00f8kken<\/figcaption><\/figure>\n\n\n\n<figure class=\"wp-block-image size-large\"><a href=\"https:\/\/til-tak.no\/wp-content\/uploads\/2019\/11\/2019-03-28-12.40.38.jpg\"><img decoding=\"async\" width=\"1024\" height=\"768\" data-id=\"3313\" data-src=\"https:\/\/til-tak.no\/wp-content\/uploads\/2019\/11\/2019-03-28-12.40.38-1024x768.jpg\" alt=\"team otto\" class=\"wp-image-3313 lazyload\" data-srcset=\"https:\/\/til-tak.no\/wp-content\/uploads\/2019\/11\/2019-03-28-12.40.38-1024x768.jpg 1024w, https:\/\/til-tak.no\/wp-content\/uploads\/2019\/11\/2019-03-28-12.40.38-300x225.jpg 300w, https:\/\/til-tak.no\/wp-content\/uploads\/2019\/11\/2019-03-28-12.40.38-768x576.jpg 768w, https:\/\/til-tak.no\/wp-content\/uploads\/2019\/11\/2019-03-28-12.40.38-600x450.jpg 600w\" data-sizes=\"(max-width: 1024px) 100vw, 1024px\" src=\"data:image\/gif;base64,R0lGODlhAQABAAAAACH5BAEKAAEALAAAAAABAAEAAAICTAEAOw==\" style=\"--smush-placeholder-width: 1024px; --smush-placeholder-aspect-ratio: 1024\/768;\" \/><\/a><\/figure>\n<\/figure>\n\n\n\n<h2 class=\"wp-block-heading\" id=\"h-til-tak-grunnmurspapp-ikke-en-hvilken-som-helst-papp\">TIL-TAK grunnmurspapp; -ikke en hvilken som helst papp<\/h2>\n\n\n\n<p>TIL-TAK grunnmurspapp best\u00e5r av en kraftig bitumen kjerne som tetter godt mot skruer og spiker som f\u00f8res gjennom pappen. Dermed egner den seg godt til installering sammen med TIL-TAK dreneringssystemer b\u00e5de som tetting mellom husvegg og terrassegulv, men ogs\u00e5 som &laquo;beslag&raquo; over bjelkene. Det er viktig at grunnmurspappen legges sentrert og helt rett p\u00e5 bjelken med innsiden av rullen ned mot bjelkene. Da vil grunnmurspappen naturlig b\u00f8ye seg ned p\u00e5 hver side av bjelken, og lede vannet rett ut p\u00e5 terrasseduken.<\/p>\n\n\n\n<p>Dersom grunnmurspappen ikke b\u00f8yer seg ned p\u00e5 hver side vil vannet kunne vandre tilbake mot bjelken p\u00e5 undersiden av pappen og f\u00f8re til lekkasje langs bjelkene.<\/p>\n\n\n\n<figure class=\"wp-block-gallery has-nested-images columns-default is-cropped wp-block-gallery-4 is-layout-flex wp-block-gallery-is-layout-flex\">\n<figure class=\"wp-block-image size-large\"><a href=\"https:\/\/til-tak.no\/wp-content\/uploads\/2021\/03\/Papp-over-bjelker03-1024x394.png\"><img decoding=\"async\" width=\"1024\" height=\"394\" data-id=\"23882\" data-src=\"https:\/\/til-tak.no\/wp-content\/uploads\/2021\/03\/Papp-over-bjelker03-1024x394.png\" alt=\"\" class=\"wp-image-23882 lazyload\" data-srcset=\"https:\/\/til-tak.no\/wp-content\/uploads\/2021\/03\/Papp-over-bjelker03-1024x394.png 1024w, https:\/\/til-tak.no\/wp-content\/uploads\/2021\/03\/Papp-over-bjelker03-300x116.png 300w, https:\/\/til-tak.no\/wp-content\/uploads\/2021\/03\/Papp-over-bjelker03-768x296.png 768w, https:\/\/til-tak.no\/wp-content\/uploads\/2021\/03\/Papp-over-bjelker03-16x6.png 16w, https:\/\/til-tak.no\/wp-content\/uploads\/2021\/03\/Papp-over-bjelker03-600x231.png 600w, https:\/\/til-tak.no\/wp-content\/uploads\/2021\/03\/Papp-over-bjelker03.png 1272w\" data-sizes=\"(max-width: 1024px) 100vw, 1024px\" src=\"data:image\/gif;base64,R0lGODlhAQABAAAAACH5BAEKAAEALAAAAAABAAEAAAICTAEAOw==\" style=\"--smush-placeholder-width: 1024px; --smush-placeholder-aspect-ratio: 1024\/394;\" \/><\/a><\/figure>\n<figcaption class=\"blocks-gallery-caption wp-element-caption\">Grunnmurspappen m\u00e5 henge ned p\u00e5 hver side av bjelkene.<\/figcaption><\/figure>\n\n\n\n<h2 class=\"wp-block-heading\" id=\"h-med-hjelp-av-sinnasnekker-n-og-til-tak-dreneringssystem-har-vi-forlenget-utesesongen\">Med hjelp av Sinnasnekker&#8217;n og TIL-TAK dreneringssystem har vi forlenget utesesongen<\/h2>\n\n\n\n<p>N\u00e5 gleder Renate og Andr\u00e8 seg til sommerkvelder med grilling og kos p\u00e5 plattingen mens barna leker fritt p\u00e5 gresset utenfor. Og kj\u00f8lige v\u00e5r- og h\u00f8stkvelder skal de tilbringe i den innglassede kj\u00f8kkendelen. Med nytt glassrekkverk p\u00e5 terrassen over har de fritt utsyn fra oversiden p\u00e5 terrassen. Derfra kan de ogs\u00e5 f\u00f8lge barnas lek fra stue og kj\u00f8kken.<br><\/p>\n\n\n\n<figure class=\"wp-block-gallery has-nested-images columns-default is-cropped wp-block-gallery-5 is-layout-flex wp-block-gallery-is-layout-flex\">\n<figure class=\"wp-block-image size-large\"><a href=\"https:\/\/til-tak.no\/wp-content\/uploads\/2019\/11\/2019-03-28-12.58.38.jpg\"><img decoding=\"async\" width=\"1024\" height=\"768\" data-id=\"3056\" data-src=\"https:\/\/til-tak.no\/wp-content\/uploads\/2019\/11\/2019-03-28-12.58.38-1024x768.jpg\" alt=\"team otto\" class=\"wp-image-3056 lazyload\" data-srcset=\"https:\/\/til-tak.no\/wp-content\/uploads\/2019\/11\/2019-03-28-12.58.38-1024x768.jpg 1024w, https:\/\/til-tak.no\/wp-content\/uploads\/2019\/11\/2019-03-28-12.58.38-300x225.jpg 300w, https:\/\/til-tak.no\/wp-content\/uploads\/2019\/11\/2019-03-28-12.58.38-768x576.jpg 768w, https:\/\/til-tak.no\/wp-content\/uploads\/2019\/11\/2019-03-28-12.58.38-600x450.jpg 600w\" data-sizes=\"(max-width: 1024px) 100vw, 1024px\" src=\"data:image\/gif;base64,R0lGODlhAQABAAAAACH5BAEKAAEALAAAAAABAAEAAAICTAEAOw==\" style=\"--smush-placeholder-width: 1024px; --smush-placeholder-aspect-ratio: 1024\/768;\" \/><\/a><\/figure>\n\n\n\n<figure class=\"wp-block-image size-large\"><a href=\"https:\/\/til-tak.no\/wp-content\/uploads\/2019\/11\/2019-10-25-15.32.13.jpg\"><img decoding=\"async\" width=\"1024\" height=\"768\" data-id=\"3089\" data-src=\"https:\/\/til-tak.no\/wp-content\/uploads\/2019\/11\/2019-10-25-15.32.13-1024x768.jpg\" alt=\"team otto\" class=\"wp-image-3089 lazyload\" data-srcset=\"https:\/\/til-tak.no\/wp-content\/uploads\/2019\/11\/2019-10-25-15.32.13-1024x768.jpg 1024w, https:\/\/til-tak.no\/wp-content\/uploads\/2019\/11\/2019-10-25-15.32.13-300x225.jpg 300w, https:\/\/til-tak.no\/wp-content\/uploads\/2019\/11\/2019-10-25-15.32.13-768x576.jpg 768w, https:\/\/til-tak.no\/wp-content\/uploads\/2019\/11\/2019-10-25-15.32.13-600x450.jpg 600w\" data-sizes=\"(max-width: 1024px) 100vw, 1024px\" src=\"data:image\/gif;base64,R0lGODlhAQABAAAAACH5BAEKAAEALAAAAAABAAEAAAICTAEAOw==\" style=\"--smush-placeholder-width: 1024px; --smush-placeholder-aspect-ratio: 1024\/768;\" \/><\/a><\/figure>\n\n\n\n<figure class=\"wp-block-image size-large\"><a href=\"https:\/\/til-tak.no\/wp-content\/uploads\/2019\/11\/2019-10-25-15.35.24.jpg\"><img decoding=\"async\" width=\"1024\" height=\"740\" data-id=\"3091\" data-src=\"https:\/\/til-tak.no\/wp-content\/uploads\/2019\/11\/2019-10-25-15.35.24-1024x740.jpg\" alt=\"team otto\" class=\"wp-image-3091 lazyload\" data-srcset=\"https:\/\/til-tak.no\/wp-content\/uploads\/2019\/11\/2019-10-25-15.35.24-1024x740.jpg 1024w, https:\/\/til-tak.no\/wp-content\/uploads\/2019\/11\/2019-10-25-15.35.24-300x217.jpg 300w, https:\/\/til-tak.no\/wp-content\/uploads\/2019\/11\/2019-10-25-15.35.24-768x555.jpg 768w, https:\/\/til-tak.no\/wp-content\/uploads\/2019\/11\/2019-10-25-15.35.24-600x434.jpg 600w\" data-sizes=\"(max-width: 1024px) 100vw, 1024px\" src=\"data:image\/gif;base64,R0lGODlhAQABAAAAACH5BAEKAAEALAAAAAABAAEAAAICTAEAOw==\" style=\"--smush-placeholder-width: 1024px; --smush-placeholder-aspect-ratio: 1024\/740;\" \/><\/a><\/figure>\n<\/figure>","protected":false},"excerpt":{"rendered":"<p>N\u00e5r man ser hva vi har f\u00e5tt ut av arealet som tidligere var unyttbart,  og bare stod som et skille mellom hus og hage, er vi overveldet<\/p>","protected":false},"author":5,"featured_media":3364,"comment_status":"open","ping_status":"open","sticky":false,"template":"","format":"standard","meta":{"_acf_changed":false,"footnotes":""},"categories":[116,27,178,26,174],"tags":[72,73,70,71],"class_list":["post-30","post","type-post","status-publish","format-standard","has-post-thumbnail","hentry","category-isolering","category-til-tak-light","category-inspirasjon-til-tak-light","category-til-tak-orignal","category-inspirasjon","tag-innglassing","tag-tett-terrassegulv","tag-utekjokken","tag-utestue"],"yoast_head":"<!-- This site is optimized with the Yoast SEO Premium plugin v20.6 (Yoast SEO v27.5) - https:\/\/yoast.com\/product\/yoast-seo-premium-wordpress\/ -->\n<title>Sinnasnekker&#039;n og TIL-TAK samarbeidet om dette prosjektet<\/title>\n<meta name=\"description\" content=\"Sinnasnekker&#039;n og TIL-TAK hjalp Renate og Andr\u00e9 med \u00e5 forvandle et fuktig og ubrukelig omr\u00e5de til en t\u00f8rr og deilig oase\" \/>\n<meta name=\"robots\" content=\"index, follow, max-snippet:-1, max-image-preview:large, max-video-preview:-1\" \/>\n<link rel=\"canonical\" href=\"https:\/\/til-tak.no\/en\/blog\/2019\/05\/06\/sinnasnekkern-og-til-tak\/\" \/>\n<meta name=\"twitter:label1\" content=\"Written by\" \/>\n\t<meta name=\"twitter:data1\" content=\"Petter\" \/>\n\t<meta name=\"twitter:label2\" content=\"Estimated reading time\" \/>\n\t<meta name=\"twitter:data2\" content=\"6 minutes\" \/>\n<script type=\"application\/ld+json\" class=\"yoast-schema-graph\">{\"@context\":\"https:\\\/\\\/schema.org\",\"@graph\":[{\"@type\":\"Article\",\"@id\":\"https:\\\/\\\/til-tak.no\\\/blog\\\/2019\\\/05\\\/06\\\/sinnasnekkern-og-til-tak\\\/#article\",\"isPartOf\":{\"@id\":\"https:\\\/\\\/til-tak.no\\\/blog\\\/2019\\\/05\\\/06\\\/sinnasnekkern-og-til-tak\\\/\"},\"author\":{\"name\":\"Petter\",\"@id\":\"https:\\\/\\\/til-tak.no\\\/#\\\/schema\\\/person\\\/8094a29c24c019b4b8a43a3cde1a1225\"},\"headline\":\"Sinnasnekker&#8217;n l\u00e6rer seg TIL-TAK!\",\"datePublished\":\"2019-05-06T12:33:44+00:00\",\"dateModified\":\"2025-01-09T11:52:07+00:00\",\"mainEntityOfPage\":{\"@id\":\"https:\\\/\\\/til-tak.no\\\/blog\\\/2019\\\/05\\\/06\\\/sinnasnekkern-og-til-tak\\\/\"},\"wordCount\":524,\"commentCount\":0,\"publisher\":{\"@id\":\"https:\\\/\\\/til-tak.no\\\/#organization\"},\"image\":{\"@id\":\"https:\\\/\\\/til-tak.no\\\/blog\\\/2019\\\/05\\\/06\\\/sinnasnekkern-og-til-tak\\\/#primaryimage\"},\"thumbnailUrl\":\"https:\\\/\\\/til-tak.no\\\/wp-content\\\/uploads\\\/2019\\\/11\\\/2019-10-25-15.32.13-3.jpg\",\"keywords\":[\"innglassing\",\"tett terrassegulv\",\"utekj\u00f8kken\",\"utestue\"],\"articleSection\":[\"PIR isolering\",\"TIL-TAK Light\",\"TIL-TAK Light Inspirasjon\",\"TIL-TAK Original\",\"TIL-TAK Original Inspirasjon\"],\"inLanguage\":\"en-GB\",\"potentialAction\":[{\"@type\":\"CommentAction\",\"name\":\"Comment\",\"target\":[\"https:\\\/\\\/til-tak.no\\\/blog\\\/2019\\\/05\\\/06\\\/sinnasnekkern-og-til-tak\\\/#respond\"]}]},{\"@type\":\"WebPage\",\"@id\":\"https:\\\/\\\/til-tak.no\\\/blog\\\/2019\\\/05\\\/06\\\/sinnasnekkern-og-til-tak\\\/\",\"url\":\"https:\\\/\\\/til-tak.no\\\/blog\\\/2019\\\/05\\\/06\\\/sinnasnekkern-og-til-tak\\\/\",\"name\":\"Sinnasnekker'n og TIL-TAK samarbeidet om dette prosjektet\",\"isPartOf\":{\"@id\":\"https:\\\/\\\/til-tak.no\\\/#website\"},\"primaryImageOfPage\":{\"@id\":\"https:\\\/\\\/til-tak.no\\\/blog\\\/2019\\\/05\\\/06\\\/sinnasnekkern-og-til-tak\\\/#primaryimage\"},\"image\":{\"@id\":\"https:\\\/\\\/til-tak.no\\\/blog\\\/2019\\\/05\\\/06\\\/sinnasnekkern-og-til-tak\\\/#primaryimage\"},\"thumbnailUrl\":\"https:\\\/\\\/til-tak.no\\\/wp-content\\\/uploads\\\/2019\\\/11\\\/2019-10-25-15.32.13-3.jpg\",\"datePublished\":\"2019-05-06T12:33:44+00:00\",\"dateModified\":\"2025-01-09T11:52:07+00:00\",\"description\":\"Sinnasnekker'n og TIL-TAK hjalp Renate og Andr\u00e9 med \u00e5 forvandle et fuktig og ubrukelig omr\u00e5de til en t\u00f8rr og deilig oase\",\"breadcrumb\":{\"@id\":\"https:\\\/\\\/til-tak.no\\\/blog\\\/2019\\\/05\\\/06\\\/sinnasnekkern-og-til-tak\\\/#breadcrumb\"},\"inLanguage\":\"en-GB\",\"potentialAction\":[{\"@type\":\"ReadAction\",\"target\":[\"https:\\\/\\\/til-tak.no\\\/blog\\\/2019\\\/05\\\/06\\\/sinnasnekkern-og-til-tak\\\/\"]}]},{\"@type\":\"ImageObject\",\"inLanguage\":\"en-GB\",\"@id\":\"https:\\\/\\\/til-tak.no\\\/blog\\\/2019\\\/05\\\/06\\\/sinnasnekkern-og-til-tak\\\/#primaryimage\",\"url\":\"https:\\\/\\\/til-tak.no\\\/wp-content\\\/uploads\\\/2019\\\/11\\\/2019-10-25-15.32.13-3.jpg\",\"contentUrl\":\"https:\\\/\\\/til-tak.no\\\/wp-content\\\/uploads\\\/2019\\\/11\\\/2019-10-25-15.32.13-3.jpg\",\"width\":4503,\"height\":3377,\"caption\":\"Renate og Andr\u00e8 er forn\u00f8yd med hva TIL-TAK og Team Otto har bidratt til i forbindelse med bygging av ny terrasse\"},{\"@type\":\"BreadcrumbList\",\"@id\":\"https:\\\/\\\/til-tak.no\\\/blog\\\/2019\\\/05\\\/06\\\/sinnasnekkern-og-til-tak\\\/#breadcrumb\",\"itemListElement\":[{\"@type\":\"ListItem\",\"position\":1,\"name\":\"Hjem\",\"item\":\"https:\\\/\\\/til-tak.no\\\/\"},{\"@type\":\"ListItem\",\"position\":2,\"name\":\"Sinnasnekker&#8217;n l\u00e6rer seg TIL-TAK!\"}]},{\"@type\":\"WebSite\",\"@id\":\"https:\\\/\\\/til-tak.no\\\/#website\",\"url\":\"https:\\\/\\\/til-tak.no\\\/\",\"name\":\"TIL-TAK\",\"description\":\"TIL-TAK | 100% tett Dreneringssystem for Terrassegulv\",\"publisher\":{\"@id\":\"https:\\\/\\\/til-tak.no\\\/#organization\"},\"potentialAction\":[{\"@type\":\"SearchAction\",\"target\":{\"@type\":\"EntryPoint\",\"urlTemplate\":\"https:\\\/\\\/til-tak.no\\\/?s={search_term_string}\"},\"query-input\":{\"@type\":\"PropertyValueSpecification\",\"valueRequired\":true,\"valueName\":\"search_term_string\"}}],\"inLanguage\":\"en-GB\"},{\"@type\":\"Organization\",\"@id\":\"https:\\\/\\\/til-tak.no\\\/#organization\",\"name\":\"TIL-TAK AS\",\"url\":\"https:\\\/\\\/til-tak.no\\\/\",\"logo\":{\"@type\":\"ImageObject\",\"inLanguage\":\"en-GB\",\"@id\":\"https:\\\/\\\/til-tak.no\\\/#\\\/schema\\\/logo\\\/image\\\/\",\"url\":\"https:\\\/\\\/til-tak.no\\\/wp-content\\\/uploads\\\/2023\\\/02\\\/til-tak-logo-transparent1.png\",\"contentUrl\":\"https:\\\/\\\/til-tak.no\\\/wp-content\\\/uploads\\\/2023\\\/02\\\/til-tak-logo-transparent1.png\",\"width\":1027,\"height\":504,\"caption\":\"TIL-TAK AS\"},\"image\":{\"@id\":\"https:\\\/\\\/til-tak.no\\\/#\\\/schema\\\/logo\\\/image\\\/\"},\"sameAs\":[\"https:\\\/\\\/www.facebook.com\\\/tiltak.as\"]},{\"@type\":\"Person\",\"@id\":\"https:\\\/\\\/til-tak.no\\\/#\\\/schema\\\/person\\\/8094a29c24c019b4b8a43a3cde1a1225\",\"name\":\"Petter\",\"image\":{\"@type\":\"ImageObject\",\"inLanguage\":\"en-GB\",\"@id\":\"https:\\\/\\\/til-tak.no\\\/wp-content\\\/wphb-cache\\\/gravatar\\\/3ab\\\/3abc91d979152bff800d6834a1ee0e28x96.jpg\",\"url\":\"https:\\\/\\\/til-tak.no\\\/wp-content\\\/wphb-cache\\\/gravatar\\\/3ab\\\/3abc91d979152bff800d6834a1ee0e28x96.jpg\",\"contentUrl\":\"https:\\\/\\\/til-tak.no\\\/wp-content\\\/wphb-cache\\\/gravatar\\\/3ab\\\/3abc91d979152bff800d6834a1ee0e28x96.jpg\",\"caption\":\"Petter\"},\"url\":\"https:\\\/\\\/til-tak.no\\\/en\\\/blog\\\/author\\\/til-tak\\\/\"}]}<\/script>\n<!-- \/ Yoast SEO Premium plugin. -->","yoast_head_json":{"title":"Sinnasnekker'n og TIL-TAK samarbeidet om dette prosjektet","description":"Sinnasnekker'n og TIL-TAK hjalp Renate og Andr\u00e9 med \u00e5 forvandle et fuktig og ubrukelig omr\u00e5de til en t\u00f8rr og deilig oase","robots":{"index":"index","follow":"follow","max-snippet":"max-snippet:-1","max-image-preview":"max-image-preview:large","max-video-preview":"max-video-preview:-1"},"canonical":"https:\/\/til-tak.no\/en\/blog\/2019\/05\/06\/sinnasnekkern-og-til-tak\/","twitter_misc":{"Written by":"Petter","Estimated reading time":"6 minutes"},"schema":{"@context":"https:\/\/schema.org","@graph":[{"@type":"Article","@id":"https:\/\/til-tak.no\/blog\/2019\/05\/06\/sinnasnekkern-og-til-tak\/#article","isPartOf":{"@id":"https:\/\/til-tak.no\/blog\/2019\/05\/06\/sinnasnekkern-og-til-tak\/"},"author":{"name":"Petter","@id":"https:\/\/til-tak.no\/#\/schema\/person\/8094a29c24c019b4b8a43a3cde1a1225"},"headline":"Sinnasnekker&#8217;n l\u00e6rer seg TIL-TAK!","datePublished":"2019-05-06T12:33:44+00:00","dateModified":"2025-01-09T11:52:07+00:00","mainEntityOfPage":{"@id":"https:\/\/til-tak.no\/blog\/2019\/05\/06\/sinnasnekkern-og-til-tak\/"},"wordCount":524,"commentCount":0,"publisher":{"@id":"https:\/\/til-tak.no\/#organization"},"image":{"@id":"https:\/\/til-tak.no\/blog\/2019\/05\/06\/sinnasnekkern-og-til-tak\/#primaryimage"},"thumbnailUrl":"https:\/\/til-tak.no\/wp-content\/uploads\/2019\/11\/2019-10-25-15.32.13-3.jpg","keywords":["innglassing","tett terrassegulv","utekj\u00f8kken","utestue"],"articleSection":["PIR isolering","TIL-TAK Light","TIL-TAK Light Inspirasjon","TIL-TAK Original","TIL-TAK Original Inspirasjon"],"inLanguage":"en-GB","potentialAction":[{"@type":"CommentAction","name":"Comment","target":["https:\/\/til-tak.no\/blog\/2019\/05\/06\/sinnasnekkern-og-til-tak\/#respond"]}]},{"@type":"WebPage","@id":"https:\/\/til-tak.no\/blog\/2019\/05\/06\/sinnasnekkern-og-til-tak\/","url":"https:\/\/til-tak.no\/blog\/2019\/05\/06\/sinnasnekkern-og-til-tak\/","name":"Sinnasnekker'n og TIL-TAK samarbeidet om dette prosjektet","isPartOf":{"@id":"https:\/\/til-tak.no\/#website"},"primaryImageOfPage":{"@id":"https:\/\/til-tak.no\/blog\/2019\/05\/06\/sinnasnekkern-og-til-tak\/#primaryimage"},"image":{"@id":"https:\/\/til-tak.no\/blog\/2019\/05\/06\/sinnasnekkern-og-til-tak\/#primaryimage"},"thumbnailUrl":"https:\/\/til-tak.no\/wp-content\/uploads\/2019\/11\/2019-10-25-15.32.13-3.jpg","datePublished":"2019-05-06T12:33:44+00:00","dateModified":"2025-01-09T11:52:07+00:00","description":"Sinnasnekker'n og TIL-TAK hjalp Renate og Andr\u00e9 med \u00e5 forvandle et fuktig og ubrukelig omr\u00e5de til en t\u00f8rr og deilig oase","breadcrumb":{"@id":"https:\/\/til-tak.no\/blog\/2019\/05\/06\/sinnasnekkern-og-til-tak\/#breadcrumb"},"inLanguage":"en-GB","potentialAction":[{"@type":"ReadAction","target":["https:\/\/til-tak.no\/blog\/2019\/05\/06\/sinnasnekkern-og-til-tak\/"]}]},{"@type":"ImageObject","inLanguage":"en-GB","@id":"https:\/\/til-tak.no\/blog\/2019\/05\/06\/sinnasnekkern-og-til-tak\/#primaryimage","url":"https:\/\/til-tak.no\/wp-content\/uploads\/2019\/11\/2019-10-25-15.32.13-3.jpg","contentUrl":"https:\/\/til-tak.no\/wp-content\/uploads\/2019\/11\/2019-10-25-15.32.13-3.jpg","width":4503,"height":3377,"caption":"Renate og Andr\u00e8 er forn\u00f8yd med hva TIL-TAK og Team Otto har bidratt til i forbindelse med bygging av ny terrasse"},{"@type":"BreadcrumbList","@id":"https:\/\/til-tak.no\/blog\/2019\/05\/06\/sinnasnekkern-og-til-tak\/#breadcrumb","itemListElement":[{"@type":"ListItem","position":1,"name":"Hjem","item":"https:\/\/til-tak.no\/"},{"@type":"ListItem","position":2,"name":"Sinnasnekker&#8217;n l\u00e6rer seg TIL-TAK!"}]},{"@type":"WebSite","@id":"https:\/\/til-tak.no\/#website","url":"https:\/\/til-tak.no\/","name":"TIL-TAK","description":"TIL-TAK | 100% tett Dreneringssystem for Terrassegulv","publisher":{"@id":"https:\/\/til-tak.no\/#organization"},"potentialAction":[{"@type":"SearchAction","target":{"@type":"EntryPoint","urlTemplate":"https:\/\/til-tak.no\/?s={search_term_string}"},"query-input":{"@type":"PropertyValueSpecification","valueRequired":true,"valueName":"search_term_string"}}],"inLanguage":"en-GB"},{"@type":"Organization","@id":"https:\/\/til-tak.no\/#organization","name":"TIL-TAK AS","url":"https:\/\/til-tak.no\/","logo":{"@type":"ImageObject","inLanguage":"en-GB","@id":"https:\/\/til-tak.no\/#\/schema\/logo\/image\/","url":"https:\/\/til-tak.no\/wp-content\/uploads\/2023\/02\/til-tak-logo-transparent1.png","contentUrl":"https:\/\/til-tak.no\/wp-content\/uploads\/2023\/02\/til-tak-logo-transparent1.png","width":1027,"height":504,"caption":"TIL-TAK AS"},"image":{"@id":"https:\/\/til-tak.no\/#\/schema\/logo\/image\/"},"sameAs":["https:\/\/www.facebook.com\/tiltak.as"]},{"@type":"Person","@id":"https:\/\/til-tak.no\/#\/schema\/person\/8094a29c24c019b4b8a43a3cde1a1225","name":"Petter","image":{"@type":"ImageObject","inLanguage":"en-GB","@id":"https:\/\/til-tak.no\/wp-content\/wphb-cache\/gravatar\/3ab\/3abc91d979152bff800d6834a1ee0e28x96.jpg","url":"https:\/\/til-tak.no\/wp-content\/wphb-cache\/gravatar\/3ab\/3abc91d979152bff800d6834a1ee0e28x96.jpg","contentUrl":"https:\/\/til-tak.no\/wp-content\/wphb-cache\/gravatar\/3ab\/3abc91d979152bff800d6834a1ee0e28x96.jpg","caption":"Petter"},"url":"https:\/\/til-tak.no\/en\/blog\/author\/til-tak\/"}]}},"acf":{"detaljer":"","documents":false,"videos":false,"calc_yes":[],"accordion_title":"","accordion_sectoin":false,"relaterte_innlegg":[{"innlegg":{"ID":2131,"post_author":"5","post_date":"2018-08-29 12:40:05","post_date_gmt":"2018-08-29 10:40:05","post_content":"<!-- wp:paragraph -->\n<p><em>Vi snakker her om skapelsen av familiens Oase!  Arealene rundt huset gir endelig full uttelling. Alt vi har gjort er \u00e5 utnytte et allerede bebygget areal p\u00e5 en bedre m\u00e5te!<\/em><\/p>\n<!-- \/wp:paragraph -->\n\n<!-- wp:paragraph -->\n<p>J\u00f8rgen Lindland hadde tidligere en fuktig hundeg\u00e5rd p\u00e5 baksiden av huset sitt. Etter at han bestemte seg for \u00e5 bygge ut terrassen og legge tett terrassegulv, har familien f\u00e5tt en deilig oase av en t\u00f8rr og trivelig uteplass med sittegruppe, <a href=\"https:\/\/no.wikipedia.org\/wiki\/Jacuzzi\">Jacuzzi<\/a> og solsenger.<\/p>\n<!-- \/wp:paragraph -->\n\n<!-- wp:heading -->\n<h2>\u00d8nsket t\u00f8rr uteplass under terrassen<\/h2>\n<!-- \/wp:heading -->\n\n<!-- wp:paragraph -->\n<p>Da han bestemte seg for \u00e5 bygge ut terrassen, begynte han \u00e5 se p\u00e5 mulighetene for \u00e5 utnytte arealet under terrassen p\u00e5 en bedre m\u00e5te. Arealet ble tidligere brukt som hundeg\u00e5rd, og det var et utrivelig sted \u00e5 v\u00e6re. Alt ble fuktig n\u00e5r det regnet. Man kunne derfor ikke bruke arealet til oppbevaring av m\u00f8bler og hageredskaper \u2013 eller oppholde seg der selv.<\/p>\n<!-- \/wp:paragraph -->\n\n<!-- wp:paragraph -->\n<p>Han unders\u00f8kte hvilke muligheter som finnes for \u00e5 tette terrassegulvet over den gamle hundeg\u00e5rden, og bes\u00f8kte nettsiden til TIL-TAK AS. J\u00f8rgen \u00f8nsket \u00e5 gj\u00f8re jobben selv. Han tittet derfor gjennom flere <a href=\"https:\/\/til-tak.no\/assembly-instructions\">instruksjonsvideoer<\/a> for \u00e5 se hvordan man kan gj\u00f8re terrassegulvet tett med TIL-TAK dreneringssystem.<\/p>\n<!-- \/wp:paragraph -->\n\n<!-- wp:paragraph -->\n<p><em>Videoene forklarte prosessen p\u00e5 en veldig grei m\u00e5te, og jeg tenkte at \u00abdette kan jeg f\u00e5 til selv\u00bb,<\/em> forteller J\u00f8rgen. Han bestemte seg for \u00e5 pr\u00f8ve, og satte av litt av ferien til \u00e5 bygge ut og tette den gamle terrassen som gikk ut fra 2. etasje p\u00e5 huset.<\/p>\n<!-- \/wp:paragraph -->\n\n<!-- wp:columns -->\n<div class=\"wp-block-columns\"><!-- wp:column -->\n<div class=\"wp-block-column\"><!-- wp:image {\"id\":36310,\"sizeSlug\":\"large\",\"linkDestination\":\"media\"} -->\n<figure class=\"wp-block-image size-large\"><a href=\"https:\/\/til-tak.no\/wp-content\/uploads\/2018\/08\/img-1440-scaled.jpg\"><img src=\"https:\/\/til-tak.no\/wp-content\/uploads\/2018\/08\/img-1440-768x1024.jpg\" alt=\"familiens oase\" class=\"wp-image-36310\"\/><\/a><\/figure>\n<!-- \/wp:image --><\/div>\n<!-- \/wp:column -->\n\n<!-- wp:column -->\n<div class=\"wp-block-column\"><!-- wp:image {\"id\":36306,\"sizeSlug\":\"large\",\"linkDestination\":\"media\"} -->\n<figure class=\"wp-block-image size-large\"><a href=\"https:\/\/til-tak.no\/wp-content\/uploads\/2018\/08\/img-1389-scaled.jpg\"><img src=\"https:\/\/til-tak.no\/wp-content\/uploads\/2018\/08\/img-1389-768x1024.jpg\" alt=\"familiens oase\" class=\"wp-image-36306\"\/><\/a><\/figure>\n<!-- \/wp:image --><\/div>\n<!-- \/wp:column --><\/div>\n<!-- \/wp:columns -->\n\n<!-- wp:heading -->\n<h2><strong>Jobben med \u00e5 skape familiens Oase var rask og enkel<\/strong><\/h2>\n<!-- \/wp:heading -->\n\n<!-- wp:paragraph -->\n<p>J\u00f8rgen bestemte seg for \u00e5 bygge ut terrassen og legge et terrassegulv med <a href=\"\/til-tak-light\/\">TIL-TAK Light<\/a> \u2013 en terrasseduk som gj\u00f8r gulvet tett. Dermed skapte han et ekstra rom under terrassen, som ble til en oase for hele familien. Han gjorde jobben alene og brukte ca. to dager.<\/p>\n<!-- \/wp:paragraph -->\n\n<!-- wp:paragraph -->\n<p><em>Jeg ble overrasket over hvor enkelt det var! Dessuten krever det kun enkle verkt\u00f8y \u2013 man kommer langt med bare en saks, drill, fugepistol og tommestokk, <\/em>forteller J\u00f8rgen forn\u00f8yd. Han mener det er viktig \u00e5 t\u00f8rre \u00e5 gj\u00f8re noen feil. Han mener dessuten at det er enkelt \u00e5 rette opp igjen dersom man gj\u00f8r noe feil med TIL-TAK-terrasseduken.<\/p>\n<!-- \/wp:paragraph -->\n\n<!-- wp:heading -->\n<h2><strong>Familiens Oase er deres nye favorittsted<\/strong><\/h2>\n<!-- \/wp:heading -->\n\n<!-- wp:paragraph -->\n<p>J\u00f8rgen ser ut p\u00e5 den nye, flotte uteplassen som raskt ble en favoritt for alle i familien. Han f\u00e5r ikke skrytt nok av TIL-TAK dreneringssystem for terrassegulv. Han tilf\u00f8yer ogs\u00e5 at de n\u00e5 tar bedre vare p\u00e5 hagem\u00f8bler og utstyr. Utstyr holder seg lengre og krever mindre vedlikehold.<\/p>\n<!-- \/wp:paragraph -->\n\n<!-- wp:paragraph -->\n<p><em>Vi har samtidig f\u00e5tt mer bruksareal.  Den tidligere hundeg\u00e5rden, er i dag familiens favorittsted, smiler J\u00f8rgen.<\/em><\/p>\n<!-- \/wp:paragraph -->\n\n<!-- wp:image {\"align\":\"left\",\"id\":36308,\"sizeSlug\":\"medium\",\"linkDestination\":\"media\"} -->\n<figure class=\"wp-block-image alignleft size-medium\"><a href=\"https:\/\/til-tak.no\/wp-content\/uploads\/2018\/08\/img-1436-scaled.jpg\"><img src=\"https:\/\/til-tak.no\/wp-content\/uploads\/2018\/08\/img-1436-225x300.jpg\" alt=\"familiens oase\" class=\"wp-image-36308\"\/><\/a><\/figure>\n<!-- \/wp:image -->\n\n<!-- wp:heading -->\n<h2><strong>Prisgunstig og effektivt<\/strong><\/h2>\n<!-- \/wp:heading -->\n\n<!-- wp:paragraph -->\n<p>P\u00e5 sp\u00f8rsm\u00e5l om han vil anbefale TIL-TAK dreneringssystem til andre, sier han et absolutt ja. Han mener det er en rimelig m\u00e5te \u00e5 utnytte det arealet man allerede har p\u00e5 en god m\u00e5te. Kostnaden blir ubetydelig i forhold til hva man f\u00e5r igjen for det, smiler han.<\/p>\n<!-- \/wp:paragraph -->","post_title":"Fra fuktig hundeg\u00e5rd til familiens Oase!","post_excerpt":"","post_status":"publish","comment_status":"open","ping_status":"open","post_password":"","post_name":"fra-fuktig-hundegard-til-hele-familiens-oase","to_ping":"","pinged":"","post_modified":"2022-09-22 11:33:26","post_modified_gmt":"2022-09-22 09:33:26","post_content_filtered":"","post_parent":0,"guid":"https:\/\/enkle.re\/til-tak\/?p=2131","menu_order":0,"post_type":"post","post_mime_type":"","comment_count":"0","filter":"raw"}},{"innlegg":{"ID":1601,"post_author":"1","post_date":"2018-02-19 16:24:31","post_date_gmt":"2018-02-19 15:24:31","post_content":"<!-- wp:paragraph -->\n<p><em>Familien Hansen fra Kristiansand var plaget av et v\u00e5tt og utrivelig inngangsparti. S\u00e5 fikk de h\u00f8re av noen naboer at det fantes en enkel og rimelig l\u00f8sning for \u00e5 f\u00e5 et 100% tett terrassetak. N\u00e5, etter at de la <a href=\"https:\/\/til-tak.no\/forside\/til-tak-light\/\">TIL-TAK light<\/a>, sitter de igjen med et t\u00f8rt inngangsparti de er stolte av<\/em>.<em> Det kan brukes til b\u00e5de oppbevaring og sitteplass!<\/em><\/p>\n<!-- \/wp:paragraph -->\n\n<!-- wp:paragraph -->\n<p>\u00abDet er blitt familiens nye samlingsplass\u00bb forteller Randi Hansen. Jeg sitter ofte her og tar meg en r\u00f8yk, og det er deilig \u00e5 sitte t\u00f8rt og godt. Jeg liker \u00e5 sitte ute mens det regner, og samtidig tar jeg med hunden v\u00e5r ut, forteller Randi. Tidligere var inngangspartiet sv\u00e6rt fuktig n\u00e5r det regnet og benken ble v\u00e5t. Det var ikke noe hyggelig sted \u00e5 v\u00e6re, forteller hun.<\/p>\n<!-- \/wp:paragraph -->\n\n<!-- wp:paragraph -->\n<p>Mannen hennes Roger, kommer ogs\u00e5 ut mens vi prater. Han st\u00f8tter det kona sier. \u00abI tillegg var vi lei av at det dryppet vann i hodet p\u00e5 gjestene mens de ventet p\u00e5 at vi skulle \u00e5pne d\u00f8ra\u00bb forteller han lattermildt.<\/p>\n<!-- \/wp:paragraph -->\n\n<!-- wp:paragraph -->\n<p>Ekteparet sitter n\u00e5 t\u00f8rt og godt p\u00e5 benken under terrassen med hver sin kaffekopp. Lenger inn mot inngangspartiet st\u00e5r det en sn\u00f8skuffe og et akrebrett. Et lite vedlager har ogs\u00e5 familien f\u00e5tt plass til her. \"Plassen er enda mer innbydenede p\u00e5 sommeren\" legger de til.<\/p>\n<!-- \/wp:paragraph -->\n\n<!-- wp:gallery {\"linkTo\":\"none\"} -->\n<figure class=\"wp-block-gallery has-nested-images columns-default is-cropped\"><!-- wp:image {\"id\":1603,\"sizeSlug\":\"large\",\"linkDestination\":\"none\"} -->\n<figure class=\"wp-block-image size-large\"><img src=\"https:\/\/til-tak.no\/wp-content\/uploads\/2019\/09\/hansen2.jpg\" alt=\"t\u00f8rt inngangsparti\" class=\"wp-image-1603\"\/><\/figure>\n<!-- \/wp:image --><\/figure>\n<!-- \/wp:gallery -->\n\n<!-- wp:heading -->\n<h2 class=\"wp-block-heading\">Lett \u00e5 montere mener familien Hansen<\/h2>\n<!-- \/wp:heading -->\n\n<!-- wp:paragraph -->\n<p>\u00abVi er overrasket over hvor stor nytte vi n\u00e5 har av plassen i motsetning til f\u00f8r\u00bb forteller de. I tillegg var det enkelt \u00e5 montere TIL-TAK light. Sammen med noen gode venner var jobben unnagjorde  p\u00e5 en dag, forteller Roger. Han legger til at han absolutt ikke er noen <a href=\"https:\/\/www.babla.no\/engelsk-norsk\/handyman\">handyman<\/a>. Vi fikk god veiledning hos forhandler samtidig som det finnes flere instruksjonsvideoer p\u00e5 TIL-TAK sin hjemmeside\u00bb forteller de.<\/p>\n<!-- \/wp:paragraph -->\n\n<!-- wp:gallery {\"linkTo\":\"none\"} -->\n<figure class=\"wp-block-gallery has-nested-images columns-default is-cropped\"><!-- wp:image {\"id\":1602,\"sizeSlug\":\"large\",\"linkDestination\":\"none\"} -->\n<figure class=\"wp-block-image size-large\"><img src=\"https:\/\/til-tak.no\/wp-content\/uploads\/2019\/09\/hansen3-1024x1024.jpg\" alt=\"t\u00f8rt inngangsparti\" class=\"wp-image-1602\"\/><\/figure>\n<!-- \/wp:image --><\/figure>\n<!-- \/wp:gallery -->\n\n<!-- wp:paragraph -->\n<p>\"Vi utsatte jobben lenge fordi vi trodde det var en stor, komplisert og dyr prosess\" forteller de. De vil n\u00e5 gjerne anbefaler TIL-TAK light videre til andre som er plaget med at det drypper under terrassen.<\/p>\n<!-- \/wp:paragraph -->\n\n<!-- wp:heading -->\n<h2 class=\"wp-block-heading\">T\u00f8rt inngangsparti? - begynn planleggingen allerede n\u00e5!<\/h2>\n<!-- \/wp:heading -->\n\n<!-- wp:paragraph -->\n<p>Og hvorfor ikke begynne \u00e5 planlegge allerede n\u00e5? Du kan lese mer om <a href=\"\/produkter\">produktene<\/a>, instruksjonsvideoer, beregningskalkulator og oversikt over forhandlere! V\u00e5r beregningskalkulator er utrolig enkel \u00e5 bruke, du taster kun inn bredden og antall fakk p\u00e5 terrassen. Deretter genereres en handleliste som du kan printe ut og ta med til en forhandler. Enkelt og greit!<\/p>\n<!-- \/wp:paragraph -->\n\n<!-- wp:paragraph -->\n<p>(Denne artikkelen er fra februar 2018)<\/p>\n<!-- \/wp:paragraph -->","post_title":"Familien Hansen har endelig et t\u00f8rt inngangsparti de er stolte av","post_excerpt":"","post_status":"publish","comment_status":"open","ping_status":"open","post_password":"","post_name":"familien-hansen-har-endelig-et-tort-inngangsparti-de-er-stole-av","to_ping":"","pinged":"","post_modified":"2025-01-09 12:44:16","post_modified_gmt":"2025-01-09 11:44:16","post_content_filtered":"","post_parent":0,"guid":"https:\/\/enkle.re\/til-tak\/?p=1601","menu_order":0,"post_type":"post","post_mime_type":"","comment_count":"0","filter":"raw"}}]},"_links":{"self":[{"href":"https:\/\/til-tak.no\/en\/wp-json\/wp\/v2\/posts\/30","targetHints":{"allow":["GET"]}}],"collection":[{"href":"https:\/\/til-tak.no\/en\/wp-json\/wp\/v2\/posts"}],"about":[{"href":"https:\/\/til-tak.no\/en\/wp-json\/wp\/v2\/types\/post"}],"author":[{"embeddable":true,"href":"https:\/\/til-tak.no\/en\/wp-json\/wp\/v2\/users\/5"}],"replies":[{"embeddable":true,"href":"https:\/\/til-tak.no\/en\/wp-json\/wp\/v2\/comments?post=30"}],"version-history":[{"count":0,"href":"https:\/\/til-tak.no\/en\/wp-json\/wp\/v2\/posts\/30\/revisions"}],"wp:featuredmedia":[{"embeddable":true,"href":"https:\/\/til-tak.no\/en\/wp-json\/wp\/v2\/media\/3364"}],"wp:attachment":[{"href":"https:\/\/til-tak.no\/en\/wp-json\/wp\/v2\/media?parent=30"}],"wp:term":[{"taxonomy":"category","embeddable":true,"href":"https:\/\/til-tak.no\/en\/wp-json\/wp\/v2\/categories?post=30"},{"taxonomy":"post_tag","embeddable":true,"href":"https:\/\/til-tak.no\/en\/wp-json\/wp\/v2\/tags?post=30"}],"curies":[{"name":"wp","href":"https:\/\/api.w.org\/{rel}","templated":true}]}}