{"id":40366,"date":"2022-09-21T15:10:40","date_gmt":"2022-09-21T13:10:40","guid":{"rendered":"https:\/\/til-tak.no\/?p=40366"},"modified":"2024-11-19T08:40:47","modified_gmt":"2024-11-19T07:40:47","slug":"tomrer-egil-wormdal-legger-til-tak-original-dreneringssystem-for-forste-gang","status":"publish","type":"post","link":"https:\/\/til-tak.no\/en\/blog\/2022\/09\/21\/tomrer-egil-wormdal-legger-til-tak-original-dreneringssystem-for-forste-gang\/","title":{"rendered":"T\u00d8MRER Egil Wormdal legger TIL-TAK Original dreneringssystem for f\u00f8rste gang"},"content":{"rendered":"<p>T\u00f8mrer Egil Wormdal kombinerer et aktivt t\u00f8mrer yrke med h\u00f8y aktivitet p\u00e5 sosiale medier. Denne gangen var oppdraget hos kunde; restaurering av en gammel terrasse, med dreneringsl\u00f8sning mellom bjelkene. Til dette form\u00e5let ble <a href=\"https:\/\/til-tak.no\/en\/til-tak-original\/\">TIL-TAK Original <\/a>terrasseplater med innbygget fall testet ut for \u00e5 kombinere nytt terrassedekke med t\u00f8rt og nyttbart areal under terrassen.<\/p>\n\n\n\n<figure class=\"wp-block-gallery has-nested-images columns-default is-cropped wp-block-gallery-1 is-layout-flex wp-block-gallery-is-layout-flex\">\n<figure class=\"wp-block-image size-large\"><a href=\"https:\/\/til-tak.no\/wp-content\/uploads\/2022\/09\/2022-08-31-121936-1024x461.jpg\"><img decoding=\"async\" width=\"1024\" height=\"461\" data-id=\"40369\" data-src=\"https:\/\/til-tak.no\/wp-content\/uploads\/2022\/09\/2022-08-31-121936-1024x461.jpg\" alt=\"\" class=\"wp-image-40369 lazyload\" data-srcset=\"https:\/\/til-tak.no\/wp-content\/uploads\/2022\/09\/2022-08-31-121936-1024x461.jpg 1024w, https:\/\/til-tak.no\/wp-content\/uploads\/2022\/09\/2022-08-31-121936-300x135.jpg 300w, https:\/\/til-tak.no\/wp-content\/uploads\/2022\/09\/2022-08-31-121936-768x346.jpg 768w, https:\/\/til-tak.no\/wp-content\/uploads\/2022\/09\/2022-08-31-121936-18x8.jpg 18w, https:\/\/til-tak.no\/wp-content\/uploads\/2022\/09\/2022-08-31-121936-600x270.jpg 600w, https:\/\/til-tak.no\/wp-content\/uploads\/2022\/09\/2022-08-31-121936.jpg 1200w\" data-sizes=\"(max-width: 1024px) 100vw, 1024px\" src=\"data:image\/gif;base64,R0lGODlhAQABAAAAACH5BAEKAAEALAAAAAABAAEAAAICTAEAOw==\" style=\"--smush-placeholder-width: 1024px; --smush-placeholder-aspect-ratio: 1024\/461;\" \/><\/a><\/figure>\n\n\n\n<figure class=\"wp-block-image size-large\"><a href=\"https:\/\/til-tak.no\/wp-content\/uploads\/2022\/09\/2022-08-31-125922-461x1024.jpg\"><img decoding=\"async\" width=\"461\" height=\"1024\" data-id=\"40480\" data-src=\"https:\/\/til-tak.no\/wp-content\/uploads\/2022\/09\/2022-08-31-125922-461x1024.jpg\" alt=\"\" class=\"wp-image-40480 lazyload\" data-srcset=\"https:\/\/til-tak.no\/wp-content\/uploads\/2022\/09\/2022-08-31-125922-461x1024.jpg 461w, https:\/\/til-tak.no\/wp-content\/uploads\/2022\/09\/2022-08-31-125922-135x300.jpg 135w, https:\/\/til-tak.no\/wp-content\/uploads\/2022\/09\/2022-08-31-125922-768x1707.jpg 768w, https:\/\/til-tak.no\/wp-content\/uploads\/2022\/09\/2022-08-31-125922-691x1536.jpg 691w, https:\/\/til-tak.no\/wp-content\/uploads\/2022\/09\/2022-08-31-125922-922x2048.jpg 922w, https:\/\/til-tak.no\/wp-content\/uploads\/2022\/09\/2022-08-31-125922-5x12.jpg 5w, https:\/\/til-tak.no\/wp-content\/uploads\/2022\/09\/2022-08-31-125922-600x1333.jpg 600w, https:\/\/til-tak.no\/wp-content\/uploads\/2022\/09\/2022-08-31-125922-scaled.jpg 864w\" data-sizes=\"(max-width: 461px) 100vw, 461px\" src=\"data:image\/gif;base64,R0lGODlhAQABAAAAACH5BAEKAAEALAAAAAABAAEAAAICTAEAOw==\" style=\"--smush-placeholder-width: 461px; --smush-placeholder-aspect-ratio: 461\/1024;\" \/><\/a><\/figure>\n\n\n\n<figure class=\"wp-block-image size-large\"><a href=\"https:\/\/til-tak.no\/wp-content\/uploads\/2022\/09\/2022-08-31-132847-461x1024.jpg\"><img decoding=\"async\" width=\"461\" height=\"1024\" data-id=\"40368\" data-src=\"https:\/\/til-tak.no\/wp-content\/uploads\/2022\/09\/2022-08-31-132847-461x1024.jpg\" alt=\"\" class=\"wp-image-40368 lazyload\" data-srcset=\"https:\/\/til-tak.no\/wp-content\/uploads\/2022\/09\/2022-08-31-132847-461x1024.jpg 461w, https:\/\/til-tak.no\/wp-content\/uploads\/2022\/09\/2022-08-31-132847-135x300.jpg 135w, https:\/\/til-tak.no\/wp-content\/uploads\/2022\/09\/2022-08-31-132847-5x12.jpg 5w, https:\/\/til-tak.no\/wp-content\/uploads\/2022\/09\/2022-08-31-132847.jpg 545w\" data-sizes=\"(max-width: 461px) 100vw, 461px\" src=\"data:image\/gif;base64,R0lGODlhAQABAAAAACH5BAEKAAEALAAAAAABAAEAAAICTAEAOw==\" style=\"--smush-placeholder-width: 461px; --smush-placeholder-aspect-ratio: 461\/1024;\" \/><\/a><\/figure>\n\n\n\n<figure class=\"wp-block-image size-large\"><a href=\"https:\/\/til-tak.no\/wp-content\/uploads\/2022\/09\/2022-08-31-112155.jpg\"><img decoding=\"async\" width=\"1024\" height=\"461\" data-id=\"40367\" data-src=\"https:\/\/til-tak.no\/wp-content\/uploads\/2022\/09\/2022-08-31-112155-1024x461.jpg\" alt=\"Egil Wormdal\" class=\"wp-image-40367 lazyload\" data-srcset=\"https:\/\/til-tak.no\/wp-content\/uploads\/2022\/09\/2022-08-31-112155-1024x461.jpg 1024w, https:\/\/til-tak.no\/wp-content\/uploads\/2022\/09\/2022-08-31-112155-300x135.jpg 300w, https:\/\/til-tak.no\/wp-content\/uploads\/2022\/09\/2022-08-31-112155-768x346.jpg 768w, https:\/\/til-tak.no\/wp-content\/uploads\/2022\/09\/2022-08-31-112155-18x8.jpg 18w, https:\/\/til-tak.no\/wp-content\/uploads\/2022\/09\/2022-08-31-112155-600x270.jpg 600w, https:\/\/til-tak.no\/wp-content\/uploads\/2022\/09\/2022-08-31-112155.jpg 1200w\" data-sizes=\"(max-width: 1024px) 100vw, 1024px\" src=\"data:image\/gif;base64,R0lGODlhAQABAAAAACH5BAEKAAEALAAAAAABAAEAAAICTAEAOw==\" style=\"--smush-placeholder-width: 1024px; --smush-placeholder-aspect-ratio: 1024\/461;\" \/><\/a><\/figure>\n<\/figure>\n\n\n\n<p>I det naturskj\u00f8nne omr\u00e5det helt ned mot vannkanten i bygden <a href=\"https:\/\/no.wikipedia.org\/wiki\/B%C3%B8rsa_(tettsted)\">B\u00f8rsa<\/a>, mellom Trondheim og Orkanger skulle den gamle altanen p\u00e5 hele lagsiden av huset restaureres. Nye bjelker, nytt terrassedekke, og ikke minst ny integrert dreneringsl\u00f8sning som leder vannet ut mellom bjelkene i terrassegulvet, og helt ut i takrenne ved rekkverk. <\/p>\n\n\n\n<h2 class=\"wp-block-heading\">Egil Wormdal utf\u00f8rer spesialtilpassninger<\/h2>\n\n\n\n<figure class=\"wp-block-gallery has-nested-images columns-default is-cropped wp-block-gallery-2 is-layout-flex wp-block-gallery-is-layout-flex\">\n<figure class=\"wp-block-image size-large\"><a href=\"https:\/\/til-tak.no\/wp-content\/uploads\/2022\/09\/2022-08-31-122542.jpg\"><img decoding=\"async\" width=\"1024\" height=\"461\" data-id=\"40481\" data-src=\"https:\/\/til-tak.no\/wp-content\/uploads\/2022\/09\/2022-08-31-122542-1024x461.jpg\" alt=\"Egil Wormdal\" class=\"wp-image-40481 lazyload\" data-srcset=\"https:\/\/til-tak.no\/wp-content\/uploads\/2022\/09\/2022-08-31-122542-1024x461.jpg 1024w, https:\/\/til-tak.no\/wp-content\/uploads\/2022\/09\/2022-08-31-122542-300x135.jpg 300w, https:\/\/til-tak.no\/wp-content\/uploads\/2022\/09\/2022-08-31-122542-768x346.jpg 768w, https:\/\/til-tak.no\/wp-content\/uploads\/2022\/09\/2022-08-31-122542-18x8.jpg 18w, https:\/\/til-tak.no\/wp-content\/uploads\/2022\/09\/2022-08-31-122542-600x270.jpg 600w, https:\/\/til-tak.no\/wp-content\/uploads\/2022\/09\/2022-08-31-122542.jpg 1210w\" data-sizes=\"(max-width: 1024px) 100vw, 1024px\" src=\"data:image\/gif;base64,R0lGODlhAQABAAAAACH5BAEKAAEALAAAAAABAAEAAAICTAEAOw==\" style=\"--smush-placeholder-width: 1024px; --smush-placeholder-aspect-ratio: 1024\/461;\" \/><\/a><\/figure>\n\n\n\n<figure class=\"wp-block-image size-large\"><a href=\"https:\/\/til-tak.no\/wp-content\/uploads\/2022\/09\/2022-08-31-124557.jpg\"><img decoding=\"async\" width=\"1024\" height=\"461\" data-id=\"40482\" data-src=\"https:\/\/til-tak.no\/wp-content\/uploads\/2022\/09\/2022-08-31-124557-1024x461.jpg\" alt=\"Egil Wormdal\" class=\"wp-image-40482 lazyload\" data-srcset=\"https:\/\/til-tak.no\/wp-content\/uploads\/2022\/09\/2022-08-31-124557-1024x461.jpg 1024w, https:\/\/til-tak.no\/wp-content\/uploads\/2022\/09\/2022-08-31-124557-300x135.jpg 300w, https:\/\/til-tak.no\/wp-content\/uploads\/2022\/09\/2022-08-31-124557-768x346.jpg 768w, https:\/\/til-tak.no\/wp-content\/uploads\/2022\/09\/2022-08-31-124557-18x8.jpg 18w, https:\/\/til-tak.no\/wp-content\/uploads\/2022\/09\/2022-08-31-124557-600x270.jpg 600w, https:\/\/til-tak.no\/wp-content\/uploads\/2022\/09\/2022-08-31-124557.jpg 1210w\" data-sizes=\"(max-width: 1024px) 100vw, 1024px\" src=\"data:image\/gif;base64,R0lGODlhAQABAAAAACH5BAEKAAEALAAAAAABAAEAAAICTAEAOw==\" style=\"--smush-placeholder-width: 1024px; --smush-placeholder-aspect-ratio: 1024\/461;\" \/><\/a><\/figure>\n<\/figure>\n\n\n\n<p>Ca 10 cm av &laquo;vingene&raquo; nederst p\u00e5 den dypeste platen klippes av for \u00e5 lage vannbrett ned mot takrenne ytterst p\u00e5 terrassen. F\u00f8r monteringen av platene starter er det lurt \u00e5 montere takrennen, ved \u00e5 koble alle rennekrokene p\u00e5 rakrennen f\u00f8rst, og deretter feste kroker og renne fast i forkantbord p\u00e5 terrassen, vendt innover mot husvegg. <\/p>\n\n\n\n<figure class=\"wp-block-gallery has-nested-images columns-default is-cropped wp-block-gallery-3 is-layout-flex wp-block-gallery-is-layout-flex\">\n<figure class=\"wp-block-image size-large\"><a href=\"https:\/\/til-tak.no\/wp-content\/uploads\/2022\/09\/2022-08-31-133730.jpg\"><img decoding=\"async\" width=\"1024\" height=\"461\" data-id=\"40484\" data-src=\"https:\/\/til-tak.no\/wp-content\/uploads\/2022\/09\/2022-08-31-133730-1024x461.jpg\" alt=\"Egil Wormdal\" class=\"wp-image-40484 lazyload\" data-srcset=\"https:\/\/til-tak.no\/wp-content\/uploads\/2022\/09\/2022-08-31-133730-1024x461.jpg 1024w, https:\/\/til-tak.no\/wp-content\/uploads\/2022\/09\/2022-08-31-133730-300x135.jpg 300w, https:\/\/til-tak.no\/wp-content\/uploads\/2022\/09\/2022-08-31-133730-768x346.jpg 768w, https:\/\/til-tak.no\/wp-content\/uploads\/2022\/09\/2022-08-31-133730-18x8.jpg 18w, https:\/\/til-tak.no\/wp-content\/uploads\/2022\/09\/2022-08-31-133730-600x270.jpg 600w, https:\/\/til-tak.no\/wp-content\/uploads\/2022\/09\/2022-08-31-133730.jpg 1210w\" data-sizes=\"(max-width: 1024px) 100vw, 1024px\" src=\"data:image\/gif;base64,R0lGODlhAQABAAAAACH5BAEKAAEALAAAAAABAAEAAAICTAEAOw==\" style=\"--smush-placeholder-width: 1024px; --smush-placeholder-aspect-ratio: 1024\/461;\" \/><\/a><\/figure>\n<\/figure>\n\n\n\n<p>Ytterste platerad festes hele veien f\u00f8r neste platerad inn mot vegg monteres. Sentr\u00e8ring av platene i hverandre i profilene over bjelken er like viktig som sentrering av selve platen p\u00e5 bjelken. N\u00e5r dette er riktig, fester man platene i bakkant med en spiker. Slik unng\u00e5r man at platene sklir fra hverandre opp\u00e5 bjelkene, og det innebyggede fallet i platene \u00f8delegges. <\/p>\n\n\n\n<figure class=\"wp-block-gallery has-nested-images columns-default is-cropped wp-block-gallery-4 is-layout-flex wp-block-gallery-is-layout-flex\">\n<figure class=\"wp-block-image size-large\"><a href=\"https:\/\/til-tak.no\/wp-content\/uploads\/2022\/09\/2022-08-31-142954-1.jpg\"><img decoding=\"async\" width=\"1024\" height=\"461\" data-id=\"40486\" data-src=\"https:\/\/til-tak.no\/wp-content\/uploads\/2022\/09\/2022-08-31-142954-1-1024x461.jpg\" alt=\"Egil Wormdal\" class=\"wp-image-40486 lazyload\" data-srcset=\"https:\/\/til-tak.no\/wp-content\/uploads\/2022\/09\/2022-08-31-142954-1-1024x461.jpg 1024w, https:\/\/til-tak.no\/wp-content\/uploads\/2022\/09\/2022-08-31-142954-1-300x135.jpg 300w, https:\/\/til-tak.no\/wp-content\/uploads\/2022\/09\/2022-08-31-142954-1-768x346.jpg 768w, https:\/\/til-tak.no\/wp-content\/uploads\/2022\/09\/2022-08-31-142954-1-18x8.jpg 18w, https:\/\/til-tak.no\/wp-content\/uploads\/2022\/09\/2022-08-31-142954-1-600x270.jpg 600w, https:\/\/til-tak.no\/wp-content\/uploads\/2022\/09\/2022-08-31-142954-1.jpg 1210w\" data-sizes=\"(max-width: 1024px) 100vw, 1024px\" src=\"data:image\/gif;base64,R0lGODlhAQABAAAAACH5BAEKAAEALAAAAAABAAEAAAICTAEAOw==\" style=\"--smush-placeholder-width: 1024px; --smush-placeholder-aspect-ratio: 1024\/461;\" \/><\/a><\/figure>\n\n\n\n<figure class=\"wp-block-image size-large\"><a href=\"https:\/\/til-tak.no\/wp-content\/uploads\/2022\/09\/2022-08-31-143135-1.jpg\"><img decoding=\"async\" width=\"1024\" height=\"461\" data-id=\"40485\" data-src=\"https:\/\/til-tak.no\/wp-content\/uploads\/2022\/09\/2022-08-31-143135-1-1024x461.jpg\" alt=\"Egil Wormdal\" class=\"wp-image-40485 lazyload\" data-srcset=\"https:\/\/til-tak.no\/wp-content\/uploads\/2022\/09\/2022-08-31-143135-1-1024x461.jpg 1024w, https:\/\/til-tak.no\/wp-content\/uploads\/2022\/09\/2022-08-31-143135-1-300x135.jpg 300w, https:\/\/til-tak.no\/wp-content\/uploads\/2022\/09\/2022-08-31-143135-1-768x346.jpg 768w, https:\/\/til-tak.no\/wp-content\/uploads\/2022\/09\/2022-08-31-143135-1-18x8.jpg 18w, https:\/\/til-tak.no\/wp-content\/uploads\/2022\/09\/2022-08-31-143135-1-600x270.jpg 600w, https:\/\/til-tak.no\/wp-content\/uploads\/2022\/09\/2022-08-31-143135-1.jpg 1200w\" data-sizes=\"(max-width: 1024px) 100vw, 1024px\" src=\"data:image\/gif;base64,R0lGODlhAQABAAAAACH5BAEKAAEALAAAAAABAAEAAAICTAEAOw==\" style=\"--smush-placeholder-width: 1024px; --smush-placeholder-aspect-ratio: 1024\/461;\" \/><\/a><\/figure>\n<\/figure>\n\n\n\n<p>En lillefinger tykk streng TIL-TAK pakningsmasse p\u00e5f\u00f8res alle steder der plater overlapper hverandre. Opp\u00e5 bjelkene har denne massen to funksjoner. Den stopper kappill\u00e6reffekt mellom platene. Den hindrer alts\u00e5 vann fra \u00e5 suges opp i mellom platene som ligger p\u00e5 hverandre. Funksjon nummer to er \u00e5 tette rundt skruehullene fra terrassebordene som monteres n\u00e5r platene er lagt. <\/p>\n\n\n\n<figure class=\"wp-block-gallery has-nested-images columns-default is-cropped wp-block-gallery-5 is-layout-flex wp-block-gallery-is-layout-flex\">\n<figure class=\"wp-block-image size-large\"><a href=\"https:\/\/til-tak.no\/wp-content\/uploads\/2022\/09\/2022-08-31-140044-1-1024x461.jpg\"><img decoding=\"async\" width=\"1024\" height=\"461\" data-id=\"40488\" data-src=\"https:\/\/til-tak.no\/wp-content\/uploads\/2022\/09\/2022-08-31-140044-1-1024x461.jpg\" alt=\"\" class=\"wp-image-40488 lazyload\" data-srcset=\"https:\/\/til-tak.no\/wp-content\/uploads\/2022\/09\/2022-08-31-140044-1-1024x461.jpg 1024w, https:\/\/til-tak.no\/wp-content\/uploads\/2022\/09\/2022-08-31-140044-1-300x135.jpg 300w, https:\/\/til-tak.no\/wp-content\/uploads\/2022\/09\/2022-08-31-140044-1-768x346.jpg 768w, https:\/\/til-tak.no\/wp-content\/uploads\/2022\/09\/2022-08-31-140044-1-18x8.jpg 18w, https:\/\/til-tak.no\/wp-content\/uploads\/2022\/09\/2022-08-31-140044-1-600x270.jpg 600w, https:\/\/til-tak.no\/wp-content\/uploads\/2022\/09\/2022-08-31-140044-1.jpg 1210w\" data-sizes=\"(max-width: 1024px) 100vw, 1024px\" src=\"data:image\/gif;base64,R0lGODlhAQABAAAAACH5BAEKAAEALAAAAAABAAEAAAICTAEAOw==\" style=\"--smush-placeholder-width: 1024px; --smush-placeholder-aspect-ratio: 1024\/461;\" \/><\/a><\/figure>\n\n\n\n<figure class=\"wp-block-image size-large\"><a href=\"https:\/\/til-tak.no\/wp-content\/uploads\/2022\/09\/2022-08-31140803-1-1024x461.jpg\"><img decoding=\"async\" width=\"1024\" height=\"461\" data-id=\"40487\" data-src=\"https:\/\/til-tak.no\/wp-content\/uploads\/2022\/09\/2022-08-31140803-1-1024x461.jpg\" alt=\"\" class=\"wp-image-40487 lazyload\" data-srcset=\"https:\/\/til-tak.no\/wp-content\/uploads\/2022\/09\/2022-08-31140803-1-1024x461.jpg 1024w, https:\/\/til-tak.no\/wp-content\/uploads\/2022\/09\/2022-08-31140803-1-300x135.jpg 300w, https:\/\/til-tak.no\/wp-content\/uploads\/2022\/09\/2022-08-31140803-1-768x346.jpg 768w, https:\/\/til-tak.no\/wp-content\/uploads\/2022\/09\/2022-08-31140803-1-18x8.jpg 18w, https:\/\/til-tak.no\/wp-content\/uploads\/2022\/09\/2022-08-31140803-1-600x270.jpg 600w, https:\/\/til-tak.no\/wp-content\/uploads\/2022\/09\/2022-08-31140803-1.jpg 1210w\" data-sizes=\"(max-width: 1024px) 100vw, 1024px\" src=\"data:image\/gif;base64,R0lGODlhAQABAAAAACH5BAEKAAEALAAAAAABAAEAAAICTAEAOw==\" style=\"--smush-placeholder-width: 1024px; --smush-placeholder-aspect-ratio: 1024\/461;\" \/><\/a><\/figure>\n\n\n\n<figure class=\"wp-block-image size-large\"><a href=\"https:\/\/til-tak.no\/wp-content\/uploads\/2022\/09\/2022-08-31-142938-1.jpg\"><img decoding=\"async\" width=\"1024\" height=\"461\" data-id=\"40489\" data-src=\"https:\/\/til-tak.no\/wp-content\/uploads\/2022\/09\/2022-08-31-142938-1-1024x461.jpg\" alt=\"Egil Wormdal\" class=\"wp-image-40489 lazyload\" data-srcset=\"https:\/\/til-tak.no\/wp-content\/uploads\/2022\/09\/2022-08-31-142938-1-1024x461.jpg 1024w, https:\/\/til-tak.no\/wp-content\/uploads\/2022\/09\/2022-08-31-142938-1-300x135.jpg 300w, https:\/\/til-tak.no\/wp-content\/uploads\/2022\/09\/2022-08-31-142938-1-768x346.jpg 768w, https:\/\/til-tak.no\/wp-content\/uploads\/2022\/09\/2022-08-31-142938-1-18x8.jpg 18w, https:\/\/til-tak.no\/wp-content\/uploads\/2022\/09\/2022-08-31-142938-1-600x270.jpg 600w, https:\/\/til-tak.no\/wp-content\/uploads\/2022\/09\/2022-08-31-142938-1.jpg 1210w\" data-sizes=\"(max-width: 1024px) 100vw, 1024px\" src=\"data:image\/gif;base64,R0lGODlhAQABAAAAACH5BAEKAAEALAAAAAABAAEAAAICTAEAOw==\" style=\"--smush-placeholder-width: 1024px; --smush-placeholder-aspect-ratio: 1024\/461;\" \/><\/a><\/figure>\n<\/figure>\n\n\n\n<p>Tilpassninger rundt rekkverkstolper gj\u00f8res enkelt p\u00e5 byggeplass med platesaks og brettetang. NB! platekantene er skarpe, og m\u00e5 h\u00e5dteres med hansker og forsiktighet.<\/p>\n\n\n\n<figure class=\"wp-block-gallery has-nested-images columns-default is-cropped wp-block-gallery-6 is-layout-flex wp-block-gallery-is-layout-flex\">\n<figure class=\"wp-block-image size-large\"><a href=\"https:\/\/til-tak.no\/wp-content\/uploads\/2022\/09\/2022-08-31-150303-1-1024x461.jpg\"><img decoding=\"async\" width=\"1024\" height=\"461\" data-id=\"40490\" data-src=\"https:\/\/til-tak.no\/wp-content\/uploads\/2022\/09\/2022-08-31-150303-1-1024x461.jpg\" alt=\"\" class=\"wp-image-40490 lazyload\" data-srcset=\"https:\/\/til-tak.no\/wp-content\/uploads\/2022\/09\/2022-08-31-150303-1-1024x461.jpg 1024w, https:\/\/til-tak.no\/wp-content\/uploads\/2022\/09\/2022-08-31-150303-1-300x135.jpg 300w, https:\/\/til-tak.no\/wp-content\/uploads\/2022\/09\/2022-08-31-150303-1-768x346.jpg 768w, https:\/\/til-tak.no\/wp-content\/uploads\/2022\/09\/2022-08-31-150303-1-18x8.jpg 18w, https:\/\/til-tak.no\/wp-content\/uploads\/2022\/09\/2022-08-31-150303-1-600x270.jpg 600w, https:\/\/til-tak.no\/wp-content\/uploads\/2022\/09\/2022-08-31-150303-1.jpg 1210w\" data-sizes=\"(max-width: 1024px) 100vw, 1024px\" src=\"data:image\/gif;base64,R0lGODlhAQABAAAAACH5BAEKAAEALAAAAAABAAEAAAICTAEAOw==\" style=\"--smush-placeholder-width: 1024px; --smush-placeholder-aspect-ratio: 1024\/461;\" \/><\/a><\/figure>\n\n\n\n<figure class=\"wp-block-image size-large\"><a href=\"https:\/\/til-tak.no\/wp-content\/uploads\/2022\/09\/2022-08-31152955-1-1024x461.jpg\"><img decoding=\"async\" width=\"1024\" height=\"461\" data-id=\"40491\" data-src=\"https:\/\/til-tak.no\/wp-content\/uploads\/2022\/09\/2022-08-31152955-1-1024x461.jpg\" alt=\"\" class=\"wp-image-40491 lazyload\" data-srcset=\"https:\/\/til-tak.no\/wp-content\/uploads\/2022\/09\/2022-08-31152955-1-1024x461.jpg 1024w, https:\/\/til-tak.no\/wp-content\/uploads\/2022\/09\/2022-08-31152955-1-300x135.jpg 300w, https:\/\/til-tak.no\/wp-content\/uploads\/2022\/09\/2022-08-31152955-1-768x346.jpg 768w, https:\/\/til-tak.no\/wp-content\/uploads\/2022\/09\/2022-08-31152955-1-18x8.jpg 18w, https:\/\/til-tak.no\/wp-content\/uploads\/2022\/09\/2022-08-31152955-1-600x270.jpg 600w, https:\/\/til-tak.no\/wp-content\/uploads\/2022\/09\/2022-08-31152955-1.jpg 1210w\" data-sizes=\"(max-width: 1024px) 100vw, 1024px\" src=\"data:image\/gif;base64,R0lGODlhAQABAAAAACH5BAEKAAEALAAAAAABAAEAAAICTAEAOw==\" style=\"--smush-placeholder-width: 1024px; --smush-placeholder-aspect-ratio: 1024\/461;\" \/><\/a><\/figure>\n<\/figure>\n\n\n\n<p>Skr\u00e5kanter inn mot vegg klippes og brettes opp i rennebunn. P\u00e5 denne m\u00e5ten stives platen av, og stopper vannet mot \u00e5 renne mot vegg. <\/p>\n\n\n\n<figure class=\"wp-block-gallery has-nested-images columns-default is-cropped wp-block-gallery-7 is-layout-flex wp-block-gallery-is-layout-flex\">\n<figure class=\"wp-block-image size-large\"><a href=\"https:\/\/til-tak.no\/wp-content\/uploads\/2022\/09\/2022-08-31-152155-1.jpg\"><img decoding=\"async\" width=\"1024\" height=\"461\" data-id=\"40492\" data-src=\"https:\/\/til-tak.no\/wp-content\/uploads\/2022\/09\/2022-08-31-152155-1-1024x461.jpg\" alt=\"Egil Wormdal\" class=\"wp-image-40492 lazyload\" data-srcset=\"https:\/\/til-tak.no\/wp-content\/uploads\/2022\/09\/2022-08-31-152155-1-1024x461.jpg 1024w, https:\/\/til-tak.no\/wp-content\/uploads\/2022\/09\/2022-08-31-152155-1-300x135.jpg 300w, https:\/\/til-tak.no\/wp-content\/uploads\/2022\/09\/2022-08-31-152155-1-768x346.jpg 768w, https:\/\/til-tak.no\/wp-content\/uploads\/2022\/09\/2022-08-31-152155-1-18x8.jpg 18w, https:\/\/til-tak.no\/wp-content\/uploads\/2022\/09\/2022-08-31-152155-1-600x270.jpg 600w, https:\/\/til-tak.no\/wp-content\/uploads\/2022\/09\/2022-08-31-152155-1.jpg 1210w\" data-sizes=\"(max-width: 1024px) 100vw, 1024px\" src=\"data:image\/gif;base64,R0lGODlhAQABAAAAACH5BAEKAAEALAAAAAABAAEAAAICTAEAOw==\" style=\"--smush-placeholder-width: 1024px; --smush-placeholder-aspect-ratio: 1024\/461;\" \/><\/a><\/figure>\n<\/figure>\n\n\n\n<p>Ny runde med TIL-TAK pakningsmasse som p\u00e5f\u00f8res alle steder der platene ligger tett p\u00e5 hverandre. <\/p>\n\n\n\n<h2 class=\"wp-block-heading\">Platesystemet er avhengig av f\u00f8lgende punkter: <\/h2>\n\n\n\n<ul class=\"wp-block-list\">\n<li>Riktig mengde pakningsmasse p\u00e5 rett sted. <\/li>\n\n\n\n<li>Plassering av platene med profiler i hverandre.<\/li>\n\n\n\n<li>Sentr\u00e8ring p\u00e5 bjelke. <\/li>\n\n\n\n<li>Spiker for \u00e5 holde platen p\u00e5 plass etter sentrering.<\/li>\n\n\n\n<li>Senteravstand mellom bjelkene p\u00e5 60 cm. <\/li>\n<\/ul>\n\n\n\n<p>Bruk gjerne et vater i rennebunn for \u00e5 kontrollere at fallet er intakt under legging. <\/p>\n\n\n\n<p>Inn mot husvegg skyves en 25 cm bred TIL-TAK grunnmurspapp inn under eksisterende beslag, og opp under kledning. Slik at vannet fra vegg ikke trekker inn under terrassebord og mot vegg. Istedenfor fanges det opp av grunnmurspappen og ledes ut p\u00e5 platene. <\/p>","protected":false},"excerpt":{"rendered":"<p>T\u00f8mrer Egil Wormdal kombinerer et aktivt t\u00f8mrer yrke med h\u00f8y aktivitet p\u00e5 sosiale medier. Denne gangen var oppdraget hos kunde; restaurering av en gammel terrasse, med dreneringsl\u00f8sning mellom bjelkene. Til dette form\u00e5let ble TIL-TAK Original terrasseplater med innbygget fall testet ut for \u00e5 kombinere nytt terrassedekke med t\u00f8rt og nyttbart areal under terrassen. I det [&hellip;]<\/p>\n","protected":false},"author":5,"featured_media":40485,"comment_status":"closed","ping_status":"closed","sticky":true,"template":"","format":"standard","meta":{"_acf_changed":false,"footnotes":""},"categories":[26,174,179,173,1],"tags":[87,80,73,39,84,69],"class_list":["post-40366","post","type-post","status-publish","format-standard","has-post-thumbnail","hentry","category-til-tak-orignal","category-inspirasjon","category-referanser","category-teknisk","category-ukategorisert","tag-terrasseplater","tag-tett-terrasse","tag-tett-terrassegulv","tag-til-tak","tag-tort-inngangsparti","tag-uteplass"],"yoast_head":"<!-- This site is optimized with the Yoast SEO Premium plugin v20.6 (Yoast SEO v27.5) - https:\/\/yoast.com\/product\/yoast-seo-premium-wordpress\/ -->\n<title>Egil Wormdal, Byggmester legger TIL-TAK Original for f\u00f8rste gang<\/title>\n<meta name=\"description\" content=\"Byggmester Egil Wormdal utf\u00f8rer restaurering av en gammel terrasse. TIL-TAK Original velges som dreneringsl\u00f8sning mellom bjelkene.\" \/>\n<meta name=\"robots\" content=\"index, follow, max-snippet:-1, max-image-preview:large, max-video-preview:-1\" \/>\n<link rel=\"canonical\" href=\"https:\/\/til-tak.no\/en\/blog\/2022\/09\/21\/tomrer-egil-wormdal-legger-til-tak-original-dreneringssystem-for-forste-gang\/\" \/>\n<meta name=\"twitter:label1\" content=\"Written by\" \/>\n\t<meta name=\"twitter:data1\" content=\"Petter\" \/>\n\t<meta name=\"twitter:label2\" content=\"Estimated reading time\" \/>\n\t<meta name=\"twitter:data2\" content=\"6 minutes\" \/>\n<script type=\"application\/ld+json\" class=\"yoast-schema-graph\">{\"@context\":\"https:\\\/\\\/schema.org\",\"@graph\":[{\"@type\":\"Article\",\"@id\":\"https:\\\/\\\/til-tak.no\\\/blog\\\/2022\\\/09\\\/21\\\/tomrer-egil-wormdal-legger-til-tak-original-dreneringssystem-for-forste-gang\\\/#article\",\"isPartOf\":{\"@id\":\"https:\\\/\\\/til-tak.no\\\/blog\\\/2022\\\/09\\\/21\\\/tomrer-egil-wormdal-legger-til-tak-original-dreneringssystem-for-forste-gang\\\/\"},\"author\":{\"name\":\"Petter\",\"@id\":\"https:\\\/\\\/til-tak.no\\\/#\\\/schema\\\/person\\\/8094a29c24c019b4b8a43a3cde1a1225\"},\"headline\":\"T\u00d8MRER Egil Wormdal legger TIL-TAK Original dreneringssystem for f\u00f8rste gang\",\"datePublished\":\"2022-09-21T13:10:40+00:00\",\"dateModified\":\"2024-11-19T07:40:47+00:00\",\"mainEntityOfPage\":{\"@id\":\"https:\\\/\\\/til-tak.no\\\/blog\\\/2022\\\/09\\\/21\\\/tomrer-egil-wormdal-legger-til-tak-original-dreneringssystem-for-forste-gang\\\/\"},\"wordCount\":463,\"publisher\":{\"@id\":\"https:\\\/\\\/til-tak.no\\\/#organization\"},\"image\":{\"@id\":\"https:\\\/\\\/til-tak.no\\\/blog\\\/2022\\\/09\\\/21\\\/tomrer-egil-wormdal-legger-til-tak-original-dreneringssystem-for-forste-gang\\\/#primaryimage\"},\"thumbnailUrl\":\"https:\\\/\\\/til-tak.no\\\/wp-content\\\/uploads\\\/2022\\\/09\\\/2022-08-31-143135-1.jpg\",\"keywords\":[\"terrasseplater\",\"tett terrasse\",\"tett terrassegulv\",\"TIL-TAK\",\"t\u00f8rt inngangsparti\",\"uteplass\"],\"articleSection\":[\"TIL-TAK Original\",\"TIL-TAK Original Inspirasjon\",\"TIL-TAK Original Referanser\",\"TIL-TAK Original Teknisk\",\"Ukategorisert\"],\"inLanguage\":\"en-GB\"},{\"@type\":\"WebPage\",\"@id\":\"https:\\\/\\\/til-tak.no\\\/blog\\\/2022\\\/09\\\/21\\\/tomrer-egil-wormdal-legger-til-tak-original-dreneringssystem-for-forste-gang\\\/\",\"url\":\"https:\\\/\\\/til-tak.no\\\/blog\\\/2022\\\/09\\\/21\\\/tomrer-egil-wormdal-legger-til-tak-original-dreneringssystem-for-forste-gang\\\/\",\"name\":\"Egil Wormdal, Byggmester legger TIL-TAK Original for f\u00f8rste gang\",\"isPartOf\":{\"@id\":\"https:\\\/\\\/til-tak.no\\\/#website\"},\"primaryImageOfPage\":{\"@id\":\"https:\\\/\\\/til-tak.no\\\/blog\\\/2022\\\/09\\\/21\\\/tomrer-egil-wormdal-legger-til-tak-original-dreneringssystem-for-forste-gang\\\/#primaryimage\"},\"image\":{\"@id\":\"https:\\\/\\\/til-tak.no\\\/blog\\\/2022\\\/09\\\/21\\\/tomrer-egil-wormdal-legger-til-tak-original-dreneringssystem-for-forste-gang\\\/#primaryimage\"},\"thumbnailUrl\":\"https:\\\/\\\/til-tak.no\\\/wp-content\\\/uploads\\\/2022\\\/09\\\/2022-08-31-143135-1.jpg\",\"datePublished\":\"2022-09-21T13:10:40+00:00\",\"dateModified\":\"2024-11-19T07:40:47+00:00\",\"description\":\"Byggmester Egil Wormdal utf\u00f8rer restaurering av en gammel terrasse. TIL-TAK Original velges som dreneringsl\u00f8sning mellom bjelkene.\",\"breadcrumb\":{\"@id\":\"https:\\\/\\\/til-tak.no\\\/blog\\\/2022\\\/09\\\/21\\\/tomrer-egil-wormdal-legger-til-tak-original-dreneringssystem-for-forste-gang\\\/#breadcrumb\"},\"inLanguage\":\"en-GB\",\"potentialAction\":[{\"@type\":\"ReadAction\",\"target\":[\"https:\\\/\\\/til-tak.no\\\/blog\\\/2022\\\/09\\\/21\\\/tomrer-egil-wormdal-legger-til-tak-original-dreneringssystem-for-forste-gang\\\/\"]}]},{\"@type\":\"ImageObject\",\"inLanguage\":\"en-GB\",\"@id\":\"https:\\\/\\\/til-tak.no\\\/blog\\\/2022\\\/09\\\/21\\\/tomrer-egil-wormdal-legger-til-tak-original-dreneringssystem-for-forste-gang\\\/#primaryimage\",\"url\":\"https:\\\/\\\/til-tak.no\\\/wp-content\\\/uploads\\\/2022\\\/09\\\/2022-08-31-143135-1.jpg\",\"contentUrl\":\"https:\\\/\\\/til-tak.no\\\/wp-content\\\/uploads\\\/2022\\\/09\\\/2022-08-31-143135-1.jpg\",\"width\":1200,\"height\":540,\"caption\":\"Egil Wormdal\"},{\"@type\":\"BreadcrumbList\",\"@id\":\"https:\\\/\\\/til-tak.no\\\/blog\\\/2022\\\/09\\\/21\\\/tomrer-egil-wormdal-legger-til-tak-original-dreneringssystem-for-forste-gang\\\/#breadcrumb\",\"itemListElement\":[{\"@type\":\"ListItem\",\"position\":1,\"name\":\"Hjem\",\"item\":\"https:\\\/\\\/til-tak.no\\\/\"},{\"@type\":\"ListItem\",\"position\":2,\"name\":\"T\u00d8MRER Egil Wormdal legger TIL-TAK Original dreneringssystem for f\u00f8rste gang\"}]},{\"@type\":\"WebSite\",\"@id\":\"https:\\\/\\\/til-tak.no\\\/#website\",\"url\":\"https:\\\/\\\/til-tak.no\\\/\",\"name\":\"TIL-TAK\",\"description\":\"TIL-TAK | 100% tett Dreneringssystem for Terrassegulv\",\"publisher\":{\"@id\":\"https:\\\/\\\/til-tak.no\\\/#organization\"},\"potentialAction\":[{\"@type\":\"SearchAction\",\"target\":{\"@type\":\"EntryPoint\",\"urlTemplate\":\"https:\\\/\\\/til-tak.no\\\/?s={search_term_string}\"},\"query-input\":{\"@type\":\"PropertyValueSpecification\",\"valueRequired\":true,\"valueName\":\"search_term_string\"}}],\"inLanguage\":\"en-GB\"},{\"@type\":\"Organization\",\"@id\":\"https:\\\/\\\/til-tak.no\\\/#organization\",\"name\":\"TIL-TAK AS\",\"url\":\"https:\\\/\\\/til-tak.no\\\/\",\"logo\":{\"@type\":\"ImageObject\",\"inLanguage\":\"en-GB\",\"@id\":\"https:\\\/\\\/til-tak.no\\\/#\\\/schema\\\/logo\\\/image\\\/\",\"url\":\"https:\\\/\\\/til-tak.no\\\/wp-content\\\/uploads\\\/2023\\\/02\\\/til-tak-logo-transparent1.png\",\"contentUrl\":\"https:\\\/\\\/til-tak.no\\\/wp-content\\\/uploads\\\/2023\\\/02\\\/til-tak-logo-transparent1.png\",\"width\":1027,\"height\":504,\"caption\":\"TIL-TAK AS\"},\"image\":{\"@id\":\"https:\\\/\\\/til-tak.no\\\/#\\\/schema\\\/logo\\\/image\\\/\"},\"sameAs\":[\"https:\\\/\\\/www.facebook.com\\\/tiltak.as\"]},{\"@type\":\"Person\",\"@id\":\"https:\\\/\\\/til-tak.no\\\/#\\\/schema\\\/person\\\/8094a29c24c019b4b8a43a3cde1a1225\",\"name\":\"Petter\",\"image\":{\"@type\":\"ImageObject\",\"inLanguage\":\"en-GB\",\"@id\":\"https:\\\/\\\/til-tak.no\\\/wp-content\\\/wphb-cache\\\/gravatar\\\/3ab\\\/3abc91d979152bff800d6834a1ee0e28x96.jpg\",\"url\":\"https:\\\/\\\/til-tak.no\\\/wp-content\\\/wphb-cache\\\/gravatar\\\/3ab\\\/3abc91d979152bff800d6834a1ee0e28x96.jpg\",\"contentUrl\":\"https:\\\/\\\/til-tak.no\\\/wp-content\\\/wphb-cache\\\/gravatar\\\/3ab\\\/3abc91d979152bff800d6834a1ee0e28x96.jpg\",\"caption\":\"Petter\"},\"url\":\"https:\\\/\\\/til-tak.no\\\/en\\\/blog\\\/author\\\/til-tak\\\/\"}]}<\/script>\n<!-- \/ Yoast SEO Premium plugin. -->","yoast_head_json":{"title":"Egil Wormdal, Byggmester legger TIL-TAK Original for f\u00f8rste gang","description":"Byggmester Egil Wormdal utf\u00f8rer restaurering av en gammel terrasse. TIL-TAK Original velges som dreneringsl\u00f8sning mellom bjelkene.","robots":{"index":"index","follow":"follow","max-snippet":"max-snippet:-1","max-image-preview":"max-image-preview:large","max-video-preview":"max-video-preview:-1"},"canonical":"https:\/\/til-tak.no\/en\/blog\/2022\/09\/21\/tomrer-egil-wormdal-legger-til-tak-original-dreneringssystem-for-forste-gang\/","twitter_misc":{"Written by":"Petter","Estimated reading time":"6 minutes"},"schema":{"@context":"https:\/\/schema.org","@graph":[{"@type":"Article","@id":"https:\/\/til-tak.no\/blog\/2022\/09\/21\/tomrer-egil-wormdal-legger-til-tak-original-dreneringssystem-for-forste-gang\/#article","isPartOf":{"@id":"https:\/\/til-tak.no\/blog\/2022\/09\/21\/tomrer-egil-wormdal-legger-til-tak-original-dreneringssystem-for-forste-gang\/"},"author":{"name":"Petter","@id":"https:\/\/til-tak.no\/#\/schema\/person\/8094a29c24c019b4b8a43a3cde1a1225"},"headline":"T\u00d8MRER Egil Wormdal legger TIL-TAK Original dreneringssystem for f\u00f8rste gang","datePublished":"2022-09-21T13:10:40+00:00","dateModified":"2024-11-19T07:40:47+00:00","mainEntityOfPage":{"@id":"https:\/\/til-tak.no\/blog\/2022\/09\/21\/tomrer-egil-wormdal-legger-til-tak-original-dreneringssystem-for-forste-gang\/"},"wordCount":463,"publisher":{"@id":"https:\/\/til-tak.no\/#organization"},"image":{"@id":"https:\/\/til-tak.no\/blog\/2022\/09\/21\/tomrer-egil-wormdal-legger-til-tak-original-dreneringssystem-for-forste-gang\/#primaryimage"},"thumbnailUrl":"https:\/\/til-tak.no\/wp-content\/uploads\/2022\/09\/2022-08-31-143135-1.jpg","keywords":["terrasseplater","tett terrasse","tett terrassegulv","TIL-TAK","t\u00f8rt inngangsparti","uteplass"],"articleSection":["TIL-TAK Original","TIL-TAK Original Inspirasjon","TIL-TAK Original Referanser","TIL-TAK Original Teknisk","Ukategorisert"],"inLanguage":"en-GB"},{"@type":"WebPage","@id":"https:\/\/til-tak.no\/blog\/2022\/09\/21\/tomrer-egil-wormdal-legger-til-tak-original-dreneringssystem-for-forste-gang\/","url":"https:\/\/til-tak.no\/blog\/2022\/09\/21\/tomrer-egil-wormdal-legger-til-tak-original-dreneringssystem-for-forste-gang\/","name":"Egil Wormdal, Byggmester legger TIL-TAK Original for f\u00f8rste gang","isPartOf":{"@id":"https:\/\/til-tak.no\/#website"},"primaryImageOfPage":{"@id":"https:\/\/til-tak.no\/blog\/2022\/09\/21\/tomrer-egil-wormdal-legger-til-tak-original-dreneringssystem-for-forste-gang\/#primaryimage"},"image":{"@id":"https:\/\/til-tak.no\/blog\/2022\/09\/21\/tomrer-egil-wormdal-legger-til-tak-original-dreneringssystem-for-forste-gang\/#primaryimage"},"thumbnailUrl":"https:\/\/til-tak.no\/wp-content\/uploads\/2022\/09\/2022-08-31-143135-1.jpg","datePublished":"2022-09-21T13:10:40+00:00","dateModified":"2024-11-19T07:40:47+00:00","description":"Byggmester Egil Wormdal utf\u00f8rer restaurering av en gammel terrasse. TIL-TAK Original velges som dreneringsl\u00f8sning mellom bjelkene.","breadcrumb":{"@id":"https:\/\/til-tak.no\/blog\/2022\/09\/21\/tomrer-egil-wormdal-legger-til-tak-original-dreneringssystem-for-forste-gang\/#breadcrumb"},"inLanguage":"en-GB","potentialAction":[{"@type":"ReadAction","target":["https:\/\/til-tak.no\/blog\/2022\/09\/21\/tomrer-egil-wormdal-legger-til-tak-original-dreneringssystem-for-forste-gang\/"]}]},{"@type":"ImageObject","inLanguage":"en-GB","@id":"https:\/\/til-tak.no\/blog\/2022\/09\/21\/tomrer-egil-wormdal-legger-til-tak-original-dreneringssystem-for-forste-gang\/#primaryimage","url":"https:\/\/til-tak.no\/wp-content\/uploads\/2022\/09\/2022-08-31-143135-1.jpg","contentUrl":"https:\/\/til-tak.no\/wp-content\/uploads\/2022\/09\/2022-08-31-143135-1.jpg","width":1200,"height":540,"caption":"Egil Wormdal"},{"@type":"BreadcrumbList","@id":"https:\/\/til-tak.no\/blog\/2022\/09\/21\/tomrer-egil-wormdal-legger-til-tak-original-dreneringssystem-for-forste-gang\/#breadcrumb","itemListElement":[{"@type":"ListItem","position":1,"name":"Hjem","item":"https:\/\/til-tak.no\/"},{"@type":"ListItem","position":2,"name":"T\u00d8MRER Egil Wormdal legger TIL-TAK Original dreneringssystem for f\u00f8rste gang"}]},{"@type":"WebSite","@id":"https:\/\/til-tak.no\/#website","url":"https:\/\/til-tak.no\/","name":"TIL-TAK","description":"TIL-TAK | 100% tett Dreneringssystem for Terrassegulv","publisher":{"@id":"https:\/\/til-tak.no\/#organization"},"potentialAction":[{"@type":"SearchAction","target":{"@type":"EntryPoint","urlTemplate":"https:\/\/til-tak.no\/?s={search_term_string}"},"query-input":{"@type":"PropertyValueSpecification","valueRequired":true,"valueName":"search_term_string"}}],"inLanguage":"en-GB"},{"@type":"Organization","@id":"https:\/\/til-tak.no\/#organization","name":"TIL-TAK AS","url":"https:\/\/til-tak.no\/","logo":{"@type":"ImageObject","inLanguage":"en-GB","@id":"https:\/\/til-tak.no\/#\/schema\/logo\/image\/","url":"https:\/\/til-tak.no\/wp-content\/uploads\/2023\/02\/til-tak-logo-transparent1.png","contentUrl":"https:\/\/til-tak.no\/wp-content\/uploads\/2023\/02\/til-tak-logo-transparent1.png","width":1027,"height":504,"caption":"TIL-TAK AS"},"image":{"@id":"https:\/\/til-tak.no\/#\/schema\/logo\/image\/"},"sameAs":["https:\/\/www.facebook.com\/tiltak.as"]},{"@type":"Person","@id":"https:\/\/til-tak.no\/#\/schema\/person\/8094a29c24c019b4b8a43a3cde1a1225","name":"Petter","image":{"@type":"ImageObject","inLanguage":"en-GB","@id":"https:\/\/til-tak.no\/wp-content\/wphb-cache\/gravatar\/3ab\/3abc91d979152bff800d6834a1ee0e28x96.jpg","url":"https:\/\/til-tak.no\/wp-content\/wphb-cache\/gravatar\/3ab\/3abc91d979152bff800d6834a1ee0e28x96.jpg","contentUrl":"https:\/\/til-tak.no\/wp-content\/wphb-cache\/gravatar\/3ab\/3abc91d979152bff800d6834a1ee0e28x96.jpg","caption":"Petter"},"url":"https:\/\/til-tak.no\/en\/blog\/author\/til-tak\/"}]}},"acf":{"accordion_title":"","accordion_sectoin":false,"calc_yes":[],"relaterte_innlegg":[{"innlegg":{"ID":30,"post_author":"5","post_date":"2019-05-06 14:33:44","post_date_gmt":"2019-05-06 12:33:44","post_content":"<!-- wp:heading -->\n<h2 class=\"wp-block-heading\" id=\"h-ny-uteplass-under-gammel-veranda-sinnasnekker-n-prover-til-tak-dreneringssystem-for-forste-gang\">Ny uteplass under gammel veranda; Sinnasnekker'n pr\u00f8ver TIL-TAK dreneringssystem for f\u00f8rste gang!<\/h2>\n<!-- \/wp:heading -->\n\n<!-- wp:paragraph -->\n<p>Med hjelp fra Sinnasnekker'n og TIL-TAK dreneringssystemer fra TIL-TAK AS, har Renate og Andr\u00e9 forvandlet et fuktig og ubrukelig omr\u00e5de under den gamle terrassen med en t\u00f8rr og deilig <a href=\"https:\/\/no.wikipedia.org\/wiki\/Oase\">oase<\/a>. Her koser familien og venner seg fra tidlig morgenstund til sene kveldstimer<\/p>\n<!-- \/wp:paragraph -->\n\n<!-- wp:heading -->\n<h2 class=\"wp-block-heading\" id=\"h-total-forvandling-av-uteomradet\">Total forvandling av uteomr\u00e5det <\/h2>\n<!-- \/wp:heading -->\n\n<!-- wp:image {\"id\":1145,\"sizeSlug\":\"full\",\"linkDestination\":\"none\"} -->\n<figure class=\"wp-block-image size-full\"><img src=\"https:\/\/til-tak.no\/wp-content\/uploads\/2019\/08\/RENATE.jpg\" alt=\"\" class=\"wp-image-1145\"\/><\/figure>\n<!-- \/wp:image -->\n\n<!-- wp:paragraph -->\n<p>Da TIL-TAK kontaktet oss og lurte p\u00e5 om Sinnasnekker'n kunne v\u00e6re med p\u00e5 en total forvandling av uteomr\u00e5det under den gamle terrassen v\u00e5r, ble vi veldig begeistret, forteller paret.<\/p>\n<!-- \/wp:paragraph -->\n\n<!-- wp:image {\"id\":3364,\"sizeSlug\":\"large\",\"linkDestination\":\"media\"} -->\n<figure class=\"wp-block-image size-large\"><a href=\"https:\/\/til-tak.no\/wp-content\/uploads\/2019\/11\/2019-10-25-15.32.13-3.jpg\"><img src=\"https:\/\/til-tak.no\/wp-content\/uploads\/2019\/11\/2019-10-25-15.32.13-3-1024x768.jpg\" alt=\"Her vises et innredet areal under terrassen, med utekj\u00f8kken, spisegruppe og innglassing\" class=\"wp-image-3364\"\/><\/a><\/figure>\n<!-- \/wp:image -->\n\n<!-- wp:heading -->\n<h2 class=\"wp-block-heading\" id=\"h-har-fatt-tilfort-bade-eiendommen-og-hjemmet-stor-verdi\">Har f\u00e5tt tilf\u00f8rt b\u00e5de eiendommen og hjemmet stor verdi<\/h2>\n<!-- \/wp:heading -->\n\n<!-- wp:paragraph -->\n<p>N\u00e5r man ser hva vi har f\u00e5tt ut av arealet som tidligere var ubrukelig, og bare stod som et dystert skille mellom hus og hage, er vi overveldet.  Med tre barn tilbringer de mye tid ute. \u00c5 knytte sammen inne- og utearealer p\u00e5 en s\u00e5 fantastisk m\u00e5te gir en harmoni i hele familien. Paret mener de har f\u00e5tt tilf\u00f8rt b\u00e5de eiendommen og hjemmet stor verdi. De kan n\u00e5 lage mat, sitte og spise og snakke utend\u00f8rs, og ha en naturlig overgang mellom inne- og uterom.<\/p>\n<!-- \/wp:paragraph -->\n\n<!-- wp:heading -->\n<h2 class=\"wp-block-heading\" id=\"h-otto-forklarer\">Otto forklarer:<\/h2>\n<!-- \/wp:heading -->\n\n<!-- wp:heading {\"level\":3} -->\n<h3 class=\"wp-block-heading\" id=\"h-vi-onsket-a-forsterke-baereevnen\">Vi \u00f8nsket \u00e5 forsterke b\u00e6reevnen <\/h3>\n<!-- \/wp:heading -->\n\n<!-- wp:paragraph -->\n<p>L\u00f8sningen ble \u00e5 bruke senteravstand 50 cm og h\u00f8yere bjelker; -derfor valgte vi TIL-TAK Light terrasseduk<\/p>\n<!-- \/wp:paragraph -->\n\n<!-- wp:gallery {\"linkTo\":\"none\"} -->\n<figure class=\"wp-block-gallery has-nested-images columns-default is-cropped\"><!-- wp:image {\"id\":3297,\"sizeSlug\":\"large\",\"linkDestination\":\"media\"} -->\n<figure class=\"wp-block-image size-large\"><a href=\"https:\/\/til-tak.no\/wp-content\/uploads\/2019\/11\/2018-10-19-11.57.18-2.jpg\"><img src=\"https:\/\/til-tak.no\/wp-content\/uploads\/2019\/11\/2018-10-19-11.57.18-2-1024x768.jpg\" alt=\"\" class=\"wp-image-3297\"\/><\/a><\/figure>\n<!-- \/wp:image -->\n\n<!-- wp:image {\"id\":3299,\"sizeSlug\":\"large\",\"linkDestination\":\"media\"} -->\n<figure class=\"wp-block-image size-large\"><a href=\"https:\/\/til-tak.no\/wp-content\/uploads\/2019\/11\/2018-10-04-17.01.07-1024x768.jpg\"><img src=\"https:\/\/til-tak.no\/wp-content\/uploads\/2019\/11\/2018-10-04-17.01.07-1024x768.jpg\" alt=\"\" class=\"wp-image-3299\"\/><\/a><\/figure>\n<!-- \/wp:image -->\n\n<!-- wp:image {\"id\":3302,\"sizeSlug\":\"large\",\"linkDestination\":\"media\"} -->\n<figure class=\"wp-block-image size-large\"><a href=\"https:\/\/til-tak.no\/wp-content\/uploads\/2019\/11\/2018-12-11-11.32.12.jpg\"><img src=\"https:\/\/til-tak.no\/wp-content\/uploads\/2019\/11\/2018-12-11-11.32.12-1024x768.jpg\" alt=\"team otto\" class=\"wp-image-3302\"\/><\/a><\/figure>\n<!-- \/wp:image -->\n\n<!-- wp:image {\"id\":3306,\"sizeSlug\":\"large\",\"linkDestination\":\"media\"} -->\n<figure class=\"wp-block-image size-large\"><a href=\"https:\/\/til-tak.no\/wp-content\/uploads\/2019\/11\/2018-12-11-11.33.38-1-1024x768.jpg\"><img src=\"https:\/\/til-tak.no\/wp-content\/uploads\/2019\/11\/2018-12-11-11.33.38-1-1024x768.jpg\" alt=\"\" class=\"wp-image-3306\"\/><\/a><\/figure>\n<!-- \/wp:image -->\n\n<!-- wp:image {\"id\":3308,\"sizeSlug\":\"large\",\"linkDestination\":\"media\"} -->\n<figure class=\"wp-block-image size-large\"><a href=\"https:\/\/til-tak.no\/wp-content\/uploads\/2019\/11\/2019-03-12-08.17.31.jpg\"><img src=\"https:\/\/til-tak.no\/wp-content\/uploads\/2019\/11\/2019-03-12-08.17.31-1024x768.jpg\" alt=\"team otto\" class=\"wp-image-3308\"\/><\/a><\/figure>\n<!-- \/wp:image --><\/figure>\n<!-- \/wp:gallery -->\n\n<!-- wp:paragraph -->\n<p>Renate og Andr\u00e9 \u00f8nsket \u00e5 forsterke b\u00e6reevnen til den gamle verandaen. Derfor rev de den gamle terrassen og bygget den opp helt fra bunnen av. De valgte \u00e5 bytte ut de gamle 148 mm bjelkene med 198 mm bjelker og korte inn senteravstanden mellom bjelkene til 50 cm. Dermed falt valget p\u00e5 <a href=\"https:\/\/til-tak.no\/forside\/til-tak-light\/\">TIL-TAK Light terrasseduk<\/a> med senteravstand 50 cm, og grunnmurspapp opp\u00e5 bjelkene. Otto var sv\u00e6rt begeistret for denne l\u00f8sningen.<\/p>\n<!-- \/wp:paragraph -->\n\n<!-- wp:heading -->\n<h2 class=\"wp-block-heading\" id=\"h-sinnasnekker-n-var-veldig-fornoyd-og-slett-ikke-sa-sint\">Sinnasnekker'n var veldig forn\u00f8yd, og slett ikke s\u00e5 sint.<\/h2>\n<!-- \/wp:heading -->\n\n<!-- wp:gallery {\"linkTo\":\"none\"} -->\n<figure class=\"wp-block-gallery has-nested-images columns-default is-cropped\"><!-- wp:image {\"id\":40514,\"sizeSlug\":\"large\",\"linkDestination\":\"media\"} -->\n<figure class=\"wp-block-image size-large\"><a href=\"https:\/\/til-tak.no\/wp-content\/uploads\/2022\/09\/team-otto02-scaled.jpg\"><img src=\"https:\/\/til-tak.no\/wp-content\/uploads\/2022\/09\/team-otto02-1024x629.jpg\" alt=\"team otto\" class=\"wp-image-40514\"\/><\/a><figcaption class=\"wp-element-caption\">Sinnasnekker'n og gjengen nyter en velfortjent pause i den nyetablert uteplassen<\/figcaption><\/figure>\n<!-- \/wp:image --><\/figure>\n<!-- \/wp:gallery -->\n\n<!-- wp:gallery {\"linkTo\":\"none\"} -->\n<figure class=\"wp-block-gallery has-nested-images columns-default is-cropped\"><!-- wp:image {\"id\":3311,\"sizeSlug\":\"large\",\"linkDestination\":\"media\"} -->\n<figure class=\"wp-block-image size-large\"><a href=\"https:\/\/til-tak.no\/wp-content\/uploads\/2019\/11\/2019-03-25-20.28.53-1024x768.jpg\"><img src=\"https:\/\/til-tak.no\/wp-content\/uploads\/2019\/11\/2019-03-25-20.28.53-1024x768.jpg\" alt=\"\" class=\"wp-image-3311\"\/><\/a><figcaption class=\"wp-element-caption\">Her kommer innglasset utekj\u00f8kken<\/figcaption><\/figure>\n<!-- \/wp:image -->\n\n<!-- wp:image {\"id\":3313,\"sizeSlug\":\"large\",\"linkDestination\":\"media\"} -->\n<figure class=\"wp-block-image size-large\"><a href=\"https:\/\/til-tak.no\/wp-content\/uploads\/2019\/11\/2019-03-28-12.40.38.jpg\"><img src=\"https:\/\/til-tak.no\/wp-content\/uploads\/2019\/11\/2019-03-28-12.40.38-1024x768.jpg\" alt=\"team otto\" class=\"wp-image-3313\"\/><\/a><\/figure>\n<!-- \/wp:image --><\/figure>\n<!-- \/wp:gallery -->\n\n<!-- wp:heading -->\n<h2 class=\"wp-block-heading\" id=\"h-til-tak-grunnmurspapp-ikke-en-hvilken-som-helst-papp\">TIL-TAK grunnmurspapp; -ikke en hvilken som helst papp<\/h2>\n<!-- \/wp:heading -->\n\n<!-- wp:paragraph -->\n<p>TIL-TAK grunnmurspapp best\u00e5r av en kraftig bitumen kjerne som tetter godt mot skruer og spiker som f\u00f8res gjennom pappen. Dermed egner den seg godt til installering sammen med TIL-TAK dreneringssystemer b\u00e5de som tetting mellom husvegg og terrassegulv, men ogs\u00e5 som \"beslag\" over bjelkene. Det er viktig at grunnmurspappen legges sentrert og helt rett p\u00e5 bjelken med innsiden av rullen ned mot bjelkene. Da vil grunnmurspappen naturlig b\u00f8ye seg ned p\u00e5 hver side av bjelken, og lede vannet rett ut p\u00e5 terrasseduken.<\/p>\n<!-- \/wp:paragraph -->\n\n<!-- wp:paragraph -->\n<p>Dersom grunnmurspappen ikke b\u00f8yer seg ned p\u00e5 hver side vil vannet kunne vandre tilbake mot bjelken p\u00e5 undersiden av pappen og f\u00f8re til lekkasje langs bjelkene.<\/p>\n<!-- \/wp:paragraph -->\n\n<!-- wp:gallery {\"ids\":[],\"shortCodeTransforms\":[],\"linkTo\":\"none\"} -->\n<figure class=\"wp-block-gallery has-nested-images columns-default is-cropped\"><!-- wp:image {\"id\":23882,\"sizeSlug\":\"large\",\"linkDestination\":\"media\"} -->\n<figure class=\"wp-block-image size-large\"><a href=\"https:\/\/til-tak.no\/wp-content\/uploads\/2021\/03\/Papp-over-bjelker03-1024x394.png\"><img src=\"https:\/\/til-tak.no\/wp-content\/uploads\/2021\/03\/Papp-over-bjelker03-1024x394.png\" alt=\"\" class=\"wp-image-23882\"\/><\/a><\/figure>\n<!-- \/wp:image --><figcaption class=\"blocks-gallery-caption wp-element-caption\">Grunnmurspappen m\u00e5 henge ned p\u00e5 hver side av bjelkene.<\/figcaption><\/figure>\n<!-- \/wp:gallery -->\n\n<!-- wp:heading -->\n<h2 class=\"wp-block-heading\" id=\"h-med-hjelp-av-sinnasnekker-n-og-til-tak-dreneringssystem-har-vi-forlenget-utesesongen\">Med hjelp av Sinnasnekker'n og TIL-TAK dreneringssystem har vi forlenget utesesongen<\/h2>\n<!-- \/wp:heading -->\n\n<!-- wp:paragraph -->\n<p>N\u00e5 gleder Renate og Andr\u00e8 seg til sommerkvelder med grilling og kos p\u00e5 plattingen mens barna leker fritt p\u00e5 gresset utenfor. Og kj\u00f8lige v\u00e5r- og h\u00f8stkvelder skal de tilbringe i den innglassede kj\u00f8kkendelen. Med nytt glassrekkverk p\u00e5 terrassen over har de fritt utsyn fra oversiden p\u00e5 terrassen. Derfra kan de ogs\u00e5 f\u00f8lge barnas lek fra stue og kj\u00f8kken.<br><\/p>\n<!-- \/wp:paragraph -->\n\n<!-- wp:gallery {\"linkTo\":\"none\"} -->\n<figure class=\"wp-block-gallery has-nested-images columns-default is-cropped\"><!-- wp:image {\"id\":3056,\"sizeSlug\":\"large\",\"linkDestination\":\"media\"} -->\n<figure class=\"wp-block-image size-large\"><a href=\"https:\/\/til-tak.no\/wp-content\/uploads\/2019\/11\/2019-03-28-12.58.38.jpg\"><img src=\"https:\/\/til-tak.no\/wp-content\/uploads\/2019\/11\/2019-03-28-12.58.38-1024x768.jpg\" alt=\"team otto\" class=\"wp-image-3056\"\/><\/a><\/figure>\n<!-- \/wp:image -->\n\n<!-- wp:image {\"id\":3089,\"sizeSlug\":\"large\",\"linkDestination\":\"media\"} -->\n<figure class=\"wp-block-image size-large\"><a href=\"https:\/\/til-tak.no\/wp-content\/uploads\/2019\/11\/2019-10-25-15.32.13.jpg\"><img src=\"https:\/\/til-tak.no\/wp-content\/uploads\/2019\/11\/2019-10-25-15.32.13-1024x768.jpg\" alt=\"team otto\" class=\"wp-image-3089\"\/><\/a><\/figure>\n<!-- \/wp:image -->\n\n<!-- wp:image {\"id\":3091,\"sizeSlug\":\"large\",\"linkDestination\":\"media\"} -->\n<figure class=\"wp-block-image size-large\"><a href=\"https:\/\/til-tak.no\/wp-content\/uploads\/2019\/11\/2019-10-25-15.35.24.jpg\"><img src=\"https:\/\/til-tak.no\/wp-content\/uploads\/2019\/11\/2019-10-25-15.35.24-1024x740.jpg\" alt=\"team otto\" class=\"wp-image-3091\"\/><\/a><\/figure>\n<!-- \/wp:image --><\/figure>\n<!-- \/wp:gallery -->","post_title":"Sinnasnekker'n l\u00e6rer seg TIL-TAK!","post_excerpt":"N\u00e5r man ser hva vi har f\u00e5tt ut av arealet som tidligere var unyttbart,  og bare stod som et skille mellom hus og hage, er vi overveldet","post_status":"publish","comment_status":"open","ping_status":"open","post_password":"","post_name":"sinnasnekkern-og-til-tak","to_ping":"","pinged":"","post_modified":"2025-01-09 12:52:07","post_modified_gmt":"2025-01-09 11:52:07","post_content_filtered":"","post_parent":0,"guid":"http:\/\/91.189.171.156\/~tiltak\/?p=30","menu_order":0,"post_type":"post","post_mime_type":"","comment_count":"0","filter":"raw"}},{"innlegg":{"ID":34812,"post_author":"13","post_date":"2021-12-02 13:48:40","post_date_gmt":"2021-12-02 12:48:40","post_content":"<!-- wp:paragraph -->\n<p><strong>St\u00f8pt dekke over tilbygg p\u00e5 Bjerk\u00f8ya i Sande<\/strong><\/p>\n<!-- \/wp:paragraph -->\n\n<!-- wp:paragraph -->\n<p>Huseier \u00f8nsket \u00e5 utvide sokkeletasjen p\u00e5 sin enebolig, og etablere terrasse opp\u00e5 tilbygget. Da trengte han et sterkt og isolert flett tak med s\u00e5 lav byggeh\u00f8yde som mulig. Svaret p\u00e5 utfordringene ble svalehaleplater p\u00e5 b\u00e6rende bjelkelag med p\u00e5st\u00f8p og PIR isolering mellom bjelkene. <\/p>\n<!-- \/wp:paragraph -->\n\n<!-- wp:paragraph -->\n<p>Vi viser her noen bilder fra prosjektet:<\/p>\n<!-- \/wp:paragraph -->\n\n<!-- wp:image {\"id\":34813,\"sizeSlug\":\"large\",\"linkDestination\":\"media\"} -->\n<figure class=\"wp-block-image size-large\"><a href=\"https:\/\/til-tak.no\/wp-content\/uploads\/2021\/12\/villa-per-inge01.png\"><img src=\"https:\/\/til-tak.no\/wp-content\/uploads\/2021\/12\/villa-per-inge01-1024x282.png\" alt=\"Bjerk\u00f8ya\" class=\"wp-image-34813\"\/><\/a><figcaption>Eneboligen ligger flott til p\u00e5 vakre Bjerk\u00f8ya i Sande<\/figcaption><\/figure>\n<!-- \/wp:image -->\n\n<!-- wp:heading -->\n<h2>Bjelkelaget ligger langs med endeveggen p\u00e5 huset<\/h2>\n<!-- \/wp:heading -->\n\n<!-- wp:image {\"id\":34816,\"sizeSlug\":\"large\",\"linkDestination\":\"media\"} -->\n<figure class=\"wp-block-image size-large\"><a href=\"https:\/\/til-tak.no\/wp-content\/uploads\/2021\/12\/2021-11-12-134648.jpg\"><img src=\"https:\/\/til-tak.no\/wp-content\/uploads\/2021\/12\/2021-11-12-134648-1024x576.jpg\" alt=\"Bjerk\u00f8ya\" class=\"wp-image-34816\"\/><\/a><\/figure>\n<!-- \/wp:image -->\n\n<!-- wp:paragraph -->\n<p>F\u00f8r svalehaleplatene kunne legges ut, m\u00e5tte det klargj\u00f8res b\u00e5de inn mot vegg, og i ytterkant. Vi skar ut en spalte i ytterpanelen p\u00e5 husveggen, som bildet over viser. P\u00e5 denne m\u00e5ten kunne platene legges helt inn mot utlektingen i veggen. I ytterkant ble det kubbet, slik at det st\u00f8pte dekket krager ut over murveggen.<\/p>\n<!-- \/wp:paragraph -->\n\n<!-- wp:image {\"id\":34818,\"sizeSlug\":\"large\",\"linkDestination\":\"media\"} -->\n<figure class=\"wp-block-image size-large\"><a href=\"https:\/\/til-tak.no\/wp-content\/uploads\/2021\/12\/2021-11-12-144335.jpg\"><img src=\"https:\/\/til-tak.no\/wp-content\/uploads\/2021\/12\/2021-11-12-144335-1024x576.jpg\" alt=\"Bjerk\u00f8ya\" class=\"wp-image-34818\"\/><\/a><\/figure>\n<!-- \/wp:image -->\n\n<!-- wp:paragraph -->\n<p>Svalehaleplatene legges p\u00e5 tvers av bjelkelaget. Inne ved veggen, legges de mot en <strong>rockwool-remse<\/strong>, som b\u00e5de fungerer som forskaling og ekspansjonsfuge. For \u00e5 oppn\u00e5 ekstra styrke og stivhet, festes alle platene med skruer. Metoden kalles <strong><a href=\"https:\/\/til-tak.no\/svalehaleplater\/samvirkekonstruksjon-ribbedekke\/\" target=\"_blank\" rel=\"noreferrer noopener\">samvirkekonstruksjon<\/a><\/strong>, og handler om \u00e5 f\u00e5 b\u00e5de det st\u00f8pte dekket og bjelkene til \u00e5 b\u00e6re sammen, og dermed gi \u00f8kt styrke til hele konstruksjonen.<\/p>\n<!-- \/wp:paragraph -->\n\n<!-- wp:image {\"id\":34819,\"sizeSlug\":\"large\",\"linkDestination\":\"media\"} -->\n<figure class=\"wp-block-image size-large\"><a href=\"https:\/\/til-tak.no\/wp-content\/uploads\/2021\/12\/2021-11-17-152453.jpg\"><img src=\"https:\/\/til-tak.no\/wp-content\/uploads\/2021\/12\/2021-11-17-152453-1024x576.jpg\" alt=\"Bjerk\u00f8ya\" class=\"wp-image-34819\"\/><\/a><figcaption>Samvirkekonstruksjon, med skruer eller spiker i hver b\u00f8lgeprofil<\/figcaption><\/figure>\n<!-- \/wp:image -->\n\n<!-- wp:columns -->\n<div class=\"wp-block-columns\"><!-- wp:column -->\n<div class=\"wp-block-column\"><!-- wp:image {\"id\":34830,\"sizeSlug\":\"large\",\"linkDestination\":\"media\"} -->\n<figure class=\"wp-block-image size-large\"><a href=\"https:\/\/til-tak.no\/wp-content\/uploads\/2021\/12\/2021-11-17-133002.jpg\"><img src=\"https:\/\/til-tak.no\/wp-content\/uploads\/2021\/12\/2021-11-17-133002-1024x576.jpg\" alt=\"\" class=\"wp-image-34830\"\/><\/a><\/figure>\n<!-- \/wp:image --><\/div>\n<!-- \/wp:column -->\n\n<!-- wp:column -->\n<div class=\"wp-block-column\"><!-- wp:image {\"id\":34831,\"sizeSlug\":\"large\",\"linkDestination\":\"media\"} -->\n<figure class=\"wp-block-image size-large\"><a href=\"https:\/\/til-tak.no\/wp-content\/uploads\/2021\/12\/2021-11-17-152430.jpg\"><img src=\"https:\/\/til-tak.no\/wp-content\/uploads\/2021\/12\/2021-11-17-152430-1024x576.jpg\" alt=\"\" class=\"wp-image-34831\"\/><\/a><\/figure>\n<!-- \/wp:image --><\/div>\n<!-- \/wp:column --><\/div>\n<!-- \/wp:columns -->\n\n<!-- wp:paragraph -->\n<p>Vi festet en skr\u00e5sk\u00e5ret lekte i ytterkant, slik at det kunne forskales en dryppkant. Deretter festet vi et forskalingsbord i riktig h\u00f8yde utenp\u00e5 denne. H\u00f8yden p\u00e5 dette bordet gir h\u00f8yden p\u00e5 det st\u00f8pte dekket.<\/p>\n<!-- \/wp:paragraph -->\n\n<!-- wp:columns -->\n<div class=\"wp-block-columns\"><!-- wp:column -->\n<div class=\"wp-block-column\"><!-- wp:image {\"id\":34822,\"sizeSlug\":\"large\",\"linkDestination\":\"media\"} -->\n<figure class=\"wp-block-image size-large\"><a href=\"https:\/\/til-tak.no\/wp-content\/uploads\/2021\/12\/2021-11-18-131636.jpg\"><img src=\"https:\/\/til-tak.no\/wp-content\/uploads\/2021\/12\/2021-11-18-131636-768x1024.jpg\" alt=\"\" class=\"wp-image-34822\"\/><\/a><\/figure>\n<!-- \/wp:image --><\/div>\n<!-- \/wp:column -->\n\n<!-- wp:column -->\n<div class=\"wp-block-column\"><!-- wp:image {\"id\":34827,\"sizeSlug\":\"large\",\"linkDestination\":\"media\"} -->\n<figure class=\"wp-block-image size-large\"><a href=\"https:\/\/til-tak.no\/wp-content\/uploads\/2021\/12\/2021-11-18-133216.jpg\"><img src=\"https:\/\/til-tak.no\/wp-content\/uploads\/2021\/12\/2021-11-18-133216-1024x768.jpg\" alt=\"Bjerk\u00f8ya\" class=\"wp-image-34827\"\/><\/a><figcaption>cof<\/figcaption><\/figure>\n<!-- \/wp:image --><\/div>\n<!-- \/wp:column --><\/div>\n<!-- \/wp:columns -->\n\n<!-- wp:columns -->\n<div class=\"wp-block-columns\"><!-- wp:column -->\n<div class=\"wp-block-column\"><!-- wp:image {\"id\":34825,\"sizeSlug\":\"large\",\"linkDestination\":\"media\"} -->\n<figure class=\"wp-block-image size-large\"><a href=\"https:\/\/til-tak.no\/wp-content\/uploads\/2021\/12\/2021-11-18-140757.jpg\"><img src=\"https:\/\/til-tak.no\/wp-content\/uploads\/2021\/12\/2021-11-18-140757-1024x768.jpg\" alt=\"\" class=\"wp-image-34825\"\/><\/a><\/figure>\n<!-- \/wp:image -->\n\n<!-- wp:paragraph -->\n<p><\/p>\n<!-- \/wp:paragraph --><\/div>\n<!-- \/wp:column -->\n\n<!-- wp:column -->\n<div class=\"wp-block-column\"><!-- wp:image {\"id\":34826,\"sizeSlug\":\"large\",\"linkDestination\":\"media\"} -->\n<figure class=\"wp-block-image size-large\"><a href=\"https:\/\/til-tak.no\/wp-content\/uploads\/2021\/12\/2021-11-19-143224.jpg\"><img src=\"https:\/\/til-tak.no\/wp-content\/uploads\/2021\/12\/2021-11-19-143224-1024x576.jpg\" alt=\"Bjerk\u00f8ya\" class=\"wp-image-34826\"\/><\/a><figcaption><br><br>Det ble brukt enkle redskaper for \u00e5 \"disse\" ut betongen, men resultatet ble up\u00e5klagelig<\/figcaption><\/figure>\n<!-- \/wp:image --><\/div>\n<!-- \/wp:column --><\/div>\n<!-- \/wp:columns -->\n\n<!-- wp:paragraph -->\n<p><\/p>\n<!-- \/wp:paragraph -->\n\n<!-- wp:paragraph -->\n<p><\/p>\n<!-- \/wp:paragraph -->\n\n<!-- wp:image {\"id\":34828,\"sizeSlug\":\"large\",\"linkDestination\":\"media\"} -->\n<figure class=\"wp-block-image size-large\"><a href=\"https:\/\/til-tak.no\/wp-content\/uploads\/2021\/12\/2021-11-19-143300.jpg\"><img src=\"https:\/\/til-tak.no\/wp-content\/uploads\/2021\/12\/2021-11-19-143300-1024x576.jpg\" alt=\"\" class=\"wp-image-34828\"\/><\/a><figcaption>Avslutning mot vegg. Beslag skal komme inn under kledning, og over betongkant. <\/figcaption><\/figure>\n<!-- \/wp:image -->\n\n<!-- wp:buttons -->\n<div class=\"wp-block-buttons\"><!-- wp:button -->\n<div class=\"wp-block-button\"><a class=\"wp-block-button__link\" href=\"https:\/\/www.dropbox.com\/sh\/9b43mxk0g5e9qpn\/AACCQ21jB9zWkgAd4c-K_OuWa?dl=0\" target=\"_blank\" rel=\"noreferrer noopener\">Flere bilder fra Prosjektet<\/a><\/div>\n<!-- \/wp:button --><\/div>\n<!-- \/wp:buttons -->\n\n<!-- wp:columns -->\n<div class=\"wp-block-columns\"><!-- wp:column -->\n<div class=\"wp-block-column\"><!-- wp:image {\"id\":39323,\"sizeSlug\":\"large\",\"linkDestination\":\"none\"} -->\n<figure class=\"wp-block-image size-large\"><img src=\"https:\/\/til-tak.no\/wp-content\/uploads\/2022\/06\/2022-04-07-172517-1024x461.jpg\" alt=\"\" class=\"wp-image-39323\"\/><figcaption>100mm PIR isolering mellom bjelkene<\/figcaption><\/figure>\n<!-- \/wp:image --><\/div>\n<!-- \/wp:column -->\n\n<!-- wp:column -->\n<div class=\"wp-block-column\"><!-- wp:image {\"id\":39321,\"sizeSlug\":\"large\",\"linkDestination\":\"none\"} -->\n<figure class=\"wp-block-image size-large\"><img src=\"https:\/\/til-tak.no\/wp-content\/uploads\/2022\/06\/2022-04-07-174346-1024x461.jpg\" alt=\"\" class=\"wp-image-39321\"\/><figcaption>50mm PIR isolering under bjelkene<\/figcaption><\/figure>\n<!-- \/wp:image --><\/div>\n<!-- \/wp:column --><\/div>\n<!-- \/wp:columns -->","post_title":"Tilbygg p\u00e5 Bjerk\u00f8ya","post_excerpt":"","post_status":"publish","comment_status":"closed","ping_status":"closed","post_password":"","post_name":"veranda-pa-bjerkoya","to_ping":"","pinged":"","post_modified":"2022-09-21 11:17:52","post_modified_gmt":"2022-09-21 09:17:52","post_content_filtered":"","post_parent":0,"guid":"https:\/\/til-tak.no\/?p=34812","menu_order":0,"post_type":"post","post_mime_type":"","comment_count":"0","filter":"raw"}},{"innlegg":{"ID":30527,"post_author":"13","post_date":"2021-10-19 13:18:23","post_date_gmt":"2021-10-19 11:18:23","post_content":"<!-- wp:paragraph -->\n<p>P\u00e5 <a href=\"https:\/\/no.wikipedia.org\/wiki\/Helle_(Krager%C3%B8)\">Helle<\/a> i Krager\u00f8 bor <a href=\"https:\/\/til-tak.no\/blog\/ansatte\/tor-helge-luraas\">Tor Helge<\/a> i et typisk hus fra tidlig 70-tallet. Huset trengte en ansiktsl\u00f8ftning, st\u00f8rre terrasse for idylliske stunder i lag med venner og familie. Med TIL-TAK dreneringssystem som leder overvannet ut mellom bjelkene, ble utnyttelsen av arealet dobbel! Den nye verandaen har blitt lagt merke til, og mange forbipasserende naboer har stoppet opp for \u00e5 se og kommentere.<\/p>\n<!-- \/wp:paragraph -->\n\n<!-- wp:gallery {\"linkTo\":\"none\"} -->\n<figure class=\"wp-block-gallery has-nested-images columns-default is-cropped\"><!-- wp:image {\"id\":32702,\"sizeSlug\":\"large\",\"linkDestination\":\"media\"} -->\n<figure class=\"wp-block-image size-large\"><a href=\"https:\/\/til-tak.no\/wp-content\/uploads\/2021\/10\/img-20210723-125353-scaled-e1732559070864.jpg\"><img src=\"https:\/\/til-tak.no\/wp-content\/uploads\/2021\/10\/img-20210723-125353-1024x768.jpg\" alt=\"skjult innfesting\" class=\"wp-image-32702\"\/><\/a><\/figure>\n<!-- \/wp:image -->\n\n<!-- wp:image {\"id\":32708,\"sizeSlug\":\"large\",\"linkDestination\":\"media\"} -->\n<figure class=\"wp-block-image size-large\"><a href=\"https:\/\/til-tak.no\/wp-content\/uploads\/2021\/10\/img-20210829-185331-scaled.jpg\"><img src=\"https:\/\/til-tak.no\/wp-content\/uploads\/2021\/10\/img-20210829-185331-1024x759.jpg\" alt=\"ny veranda\" class=\"wp-image-32708\"\/><\/a><\/figure>\n<!-- \/wp:image -->\n\n<!-- wp:image {\"id\":32711,\"sizeSlug\":\"large\",\"linkDestination\":\"media\"} -->\n<figure class=\"wp-block-image size-large\"><a href=\"https:\/\/til-tak.no\/wp-content\/uploads\/2021\/10\/img-20210824-121820-scaled.jpg\"><img src=\"https:\/\/til-tak.no\/wp-content\/uploads\/2021\/10\/img-20210824-121820-1024x768.jpg\" alt=\"ny veranda\" class=\"wp-image-32711\"\/><\/a><\/figure>\n<!-- \/wp:image --><\/figure>\n<!-- \/wp:gallery -->\n\n<!-- wp:paragraph -->\n<p>Her er historien og noen bilder:<\/p>\n<!-- \/wp:paragraph -->\n\n<!-- wp:gallery {\"linkTo\":\"none\"} -->\n<figure class=\"wp-block-gallery has-nested-images columns-default is-cropped\"><!-- wp:image {\"id\":31002,\"sizeSlug\":\"large\",\"linkDestination\":\"media\",\"className\":\"is-style-default\"} -->\n<figure class=\"wp-block-image size-large is-style-default\"><a href=\"https:\/\/til-tak.no\/wp-content\/uploads\/2021\/09\/Hasseldalsveien5-2019.jpg\"><img src=\"https:\/\/til-tak.no\/wp-content\/uploads\/2021\/09\/Hasseldalsveien5-2019-1024x530.jpg\" alt=\"\" class=\"wp-image-31002\"\/><\/a><figcaption class=\"wp-element-caption\">Klart for ny veranda<\/figcaption><\/figure>\n<!-- \/wp:image -->\n\n<!-- wp:image {\"id\":49899,\"sizeSlug\":\"large\",\"linkDestination\":\"media\"} -->\n<figure class=\"wp-block-image size-large\"><a href=\"https:\/\/til-tak.no\/wp-content\/uploads\/2024\/11\/helle-2021-320x190-1-edited-1-scaled.jpg\"><img src=\"https:\/\/til-tak.no\/wp-content\/uploads\/2024\/11\/helle-2021-320x190-1-edited-1-scaled.jpg\" alt=\"\" class=\"wp-image-49899\"\/><\/a><figcaption class=\"wp-element-caption\">Ny veranda p\u00e5 Helle<\/figcaption><\/figure>\n<!-- \/wp:image --><\/figure>\n<!-- \/wp:gallery -->\n\n<!-- wp:paragraph -->\n<p>Det har v\u00e6rt mye jobb, og det ene drar gjerne det andre med seg..  H\u00f8sten 2020 ble brukte til \u00e5 bytte ut gamle vinduer, og \u00e5 sette inn en ny verandad\u00f8r.<\/p>\n<!-- \/wp:paragraph -->\n\n<!-- wp:paragraph -->\n<p>V\u00e5ren 2021 begynte med riving av rekkverket p\u00e5 den eksisterende verandaen. Videre st\u00f8pte jeg fundament for s\u00f8ylesko og koblet meg p\u00e5 med bjelkesko langs husvegg og gammel veranda.<\/p>\n<!-- \/wp:paragraph -->\n\n<!-- wp:paragraph -->\n<p>Stolper, dragere og bjelker. Her vi godt igang!<\/p>\n<!-- \/wp:paragraph -->\n\n<!-- wp:gallery {\"columns\":2,\"linkTo\":\"none\",\"sizeSlug\":\"full\"} -->\n<figure class=\"wp-block-gallery has-nested-images columns-2 is-cropped\"><!-- wp:image {\"id\":31928,\"sizeSlug\":\"full\",\"linkDestination\":\"media\"} -->\n<figure class=\"wp-block-image size-full\"><a href=\"https:\/\/til-tak.no\/wp-content\/uploads\/2021\/09\/img-20210630-175519.jpg\"><img src=\"https:\/\/til-tak.no\/wp-content\/uploads\/2021\/09\/img-20210630-175519.jpg\" alt=\"\" class=\"wp-image-31928\"\/><\/a><\/figure>\n<!-- \/wp:image -->\n\n<!-- wp:image {\"id\":31929,\"sizeSlug\":\"full\",\"linkDestination\":\"media\"} -->\n<figure class=\"wp-block-image size-full\"><a href=\"https:\/\/til-tak.no\/wp-content\/uploads\/2021\/09\/img-20210712-115125.jpg\"><img src=\"https:\/\/til-tak.no\/wp-content\/uploads\/2021\/09\/img-20210712-115125.jpg\" alt=\"ny veranda\" class=\"wp-image-31929\"\/><\/a><\/figure>\n<!-- \/wp:image -->\n\n<!-- wp:image {\"id\":31930,\"sizeSlug\":\"full\",\"linkDestination\":\"media\"} -->\n<figure class=\"wp-block-image size-full\"><a href=\"https:\/\/til-tak.no\/wp-content\/uploads\/2021\/09\/img-20210712-184721.jpg\"><img src=\"https:\/\/til-tak.no\/wp-content\/uploads\/2021\/09\/img-20210712-184721.jpg\" alt=\"ny veranda\" class=\"wp-image-31930\"\/><\/a><\/figure>\n<!-- \/wp:image --><\/figure>\n<!-- \/wp:gallery -->\n\n<!-- wp:acf\/custom-feed {\"name\":\"acf\/custom-feed\",\"mode\":\"preview\"} -->\n<!-- wp:paragraph -->\n<p>Stolper, dragere og bjelker p\u00e5 plass<\/p>\n<!-- \/wp:paragraph -->\n<!-- \/wp:acf\/custom-feed -->\n\n<!-- wp:image {\"id\":32687,\"sizeSlug\":\"large\",\"linkDestination\":\"media\"} -->\n<figure class=\"wp-block-image size-large\"><a href=\"https:\/\/til-tak.no\/wp-content\/uploads\/2021\/10\/img-20210719-090537-scaled.jpg\"><img src=\"https:\/\/til-tak.no\/wp-content\/uploads\/2021\/10\/img-20210719-090537-1024x768.jpg\" alt=\"\" class=\"wp-image-32687\"\/><\/a><\/figure>\n<!-- \/wp:image -->\n\n<!-- wp:paragraph -->\n<p>For \u00e5 tilrettelegge for skjult innfesting av terrassegulvet, legges lekter p\u00e5 28x60 (et splittet terrassebord) opp\u00e5 platene. Lektene festes med <strong><a href=\"https:\/\/til-tak.no\/produkt\/til-tak-original-skruer-m-borskjaer-rustfrie-250pr-eske\/\">TIL-TAK-skruer<\/a><\/strong>.<\/p>\n<!-- \/wp:paragraph -->\n\n<!-- wp:paragraph -->\n<p><\/p>\n<!-- \/wp:paragraph -->\n\n<!-- wp:gallery {\"linkTo\":\"none\"} -->\n<figure class=\"wp-block-gallery has-nested-images columns-default is-cropped\"><!-- wp:image {\"id\":32691,\"sizeSlug\":\"large\",\"linkDestination\":\"media\"} -->\n<figure class=\"wp-block-image size-large\"><a href=\"https:\/\/til-tak.no\/wp-content\/uploads\/2021\/10\/img-20210719-081606-1-scaled.jpg\"><img src=\"https:\/\/til-tak.no\/wp-content\/uploads\/2021\/10\/img-20210719-081606-1-768x1024.jpg\" alt=\"\" class=\"wp-image-32691\"\/><\/a><\/figure>\n<!-- \/wp:image -->\n\n<!-- wp:image {\"id\":32692,\"sizeSlug\":\"large\",\"linkDestination\":\"media\"} -->\n<figure class=\"wp-block-image size-large\"><a href=\"https:\/\/til-tak.no\/wp-content\/uploads\/2021\/10\/img-20210719-081647-scaled.jpg\"><img src=\"https:\/\/til-tak.no\/wp-content\/uploads\/2021\/10\/img-20210719-081647-768x1024.jpg\" alt=\"\" class=\"wp-image-32692\"\/><\/a><\/figure>\n<!-- \/wp:image -->\n\n<!-- wp:image {\"id\":32693,\"sizeSlug\":\"large\",\"linkDestination\":\"media\"} -->\n<figure class=\"wp-block-image size-large\"><a href=\"https:\/\/til-tak.no\/wp-content\/uploads\/2021\/10\/img-20210719-081736-scaled.jpg\"><img src=\"https:\/\/til-tak.no\/wp-content\/uploads\/2021\/10\/img-20210719-081736-768x1024.jpg\" alt=\"\" class=\"wp-image-32693\"\/><\/a><\/figure>\n<!-- \/wp:image --><figcaption class=\"blocks-gallery-caption wp-element-caption\">Et nedl\u00f8psr\u00f8r gjennom platene fra takrenne over ble l\u00f8st p\u00e5 denne m\u00e5ten.<\/figcaption><\/figure>\n<!-- \/wp:gallery -->\n\n<!-- wp:paragraph -->\n<p>Det brukes rikelig med <strong><a href=\"https:\/\/til-tak.no\/produkt\/42099733-til-tak-pakningsmasse\/\">TIL-TAK - pakningsmasse<\/a><\/strong> rundt r\u00f8ret, og platen underst\u00f8ttes med lekt mellom bjelkene p\u00e5 undersiden.<\/p>\n<!-- \/wp:paragraph -->\n\n<!-- wp:gallery {\"linkTo\":\"none\",\"sizeSlug\":\"full\"} -->\n<figure class=\"wp-block-gallery has-nested-images columns-default is-cropped\"><!-- wp:image {\"id\":32694,\"sizeSlug\":\"full\",\"linkDestination\":\"media\"} -->\n<figure class=\"wp-block-image size-full\"><a href=\"https:\/\/til-tak.no\/wp-content\/uploads\/2021\/10\/img-20210719-082516-scaled.jpg\"><img src=\"https:\/\/til-tak.no\/wp-content\/uploads\/2021\/10\/img-20210719-082516-scaled.jpg\" alt=\"\" class=\"wp-image-32694\"\/><\/a><\/figure>\n<!-- \/wp:image --><\/figure>\n<!-- \/wp:gallery -->\n\n<!-- wp:paragraph -->\n<p>Endefakket ble veldig smalt, ca 20 cm. Her brukes det derfor en remse med <a href=\"https:\/\/til-tak.no\/produkt\/til-tak-grunnmurspapp-330mm\/\">TIL-TAK grunnmurspapp<\/a>, 33 cm for \u00e5 tette mellom de to siste bjelkene.  <\/p>\n<!-- \/wp:paragraph -->\n\n<!-- wp:image {\"id\":32696,\"sizeSlug\":\"large\",\"linkDestination\":\"media\"} -->\n<figure class=\"wp-block-image size-large\"><a href=\"https:\/\/til-tak.no\/wp-content\/uploads\/2021\/10\/img-20210721-105903-scaled.jpg\"><img src=\"https:\/\/til-tak.no\/wp-content\/uploads\/2021\/10\/img-20210721-105903-768x1024.jpg\" alt=\"\" class=\"wp-image-32696\"\/><\/a><\/figure>\n<!-- \/wp:image -->\n\n<!-- wp:paragraph -->\n<p><a href=\"https:\/\/til-tak.no\/produkt\/til-tak-grunnmurspapp-250mm\/\"><strong>TIL-TAK grunnmurspapp<\/strong><\/a> brukes ogs\u00e5 mot husvegg, som terrassebeslag mellom vegg og terrassegulv. Innsiden av rullen legges ned mot platene\/inn mot vegg.<\/p>\n<!-- \/wp:paragraph -->\n\n<!-- wp:gallery {\"linkTo\":\"none\"} -->\n<figure class=\"wp-block-gallery has-nested-images columns-default is-cropped\"><!-- wp:image {\"id\":32697,\"sizeSlug\":\"large\",\"linkDestination\":\"media\"} -->\n<figure class=\"wp-block-image size-large\"><a href=\"https:\/\/til-tak.no\/wp-content\/uploads\/2021\/10\/img-20210722-091527-scaled.jpg\"><img src=\"https:\/\/til-tak.no\/wp-content\/uploads\/2021\/10\/img-20210722-091527-1024x768.jpg\" alt=\"\" class=\"wp-image-32697\"\/><\/a><\/figure>\n<!-- \/wp:image -->\n\n<!-- wp:image {\"id\":32698,\"sizeSlug\":\"large\",\"linkDestination\":\"media\"} -->\n<figure class=\"wp-block-image size-large\"><a href=\"https:\/\/til-tak.no\/wp-content\/uploads\/2021\/10\/img-20210722-092554-scaled.jpg\"><img src=\"https:\/\/til-tak.no\/wp-content\/uploads\/2021\/10\/img-20210722-092554-1024x768.jpg\" alt=\"\" class=\"wp-image-32698\"\/><\/a><\/figure>\n<!-- \/wp:image -->\n\n<!-- wp:image {\"id\":32699,\"sizeSlug\":\"large\",\"linkDestination\":\"media\"} -->\n<figure class=\"wp-block-image size-large\"><a href=\"https:\/\/til-tak.no\/wp-content\/uploads\/2021\/10\/img-20210722-092832-scaled.jpg\"><img src=\"https:\/\/til-tak.no\/wp-content\/uploads\/2021\/10\/img-20210722-092832-768x1024.jpg\" alt=\"\" class=\"wp-image-32699\"\/><\/a><\/figure>\n<!-- \/wp:image --><\/figure>\n<!-- \/wp:gallery -->\n\n<!-- wp:paragraph -->\n<p>Det var n\u00e5 klart for \u00e5 skru terrassebord.<\/p>\n<!-- \/wp:paragraph -->\n\n<!-- wp:gallery {\"linkTo\":\"none\"} -->\n<figure class=\"wp-block-gallery has-nested-images columns-default is-cropped\"><!-- wp:image {\"id\":32701,\"sizeSlug\":\"large\",\"linkDestination\":\"media\"} -->\n<figure class=\"wp-block-image size-large\"><a href=\"https:\/\/til-tak.no\/wp-content\/uploads\/2021\/10\/img-20210723-094122-scaled.jpg\"><img src=\"https:\/\/til-tak.no\/wp-content\/uploads\/2021\/10\/img-20210723-094122-768x1024.jpg\" alt=\"\" class=\"wp-image-32701\"\/><\/a><\/figure>\n<!-- \/wp:image -->\n\n<!-- wp:image {\"id\":32704,\"sizeSlug\":\"large\",\"linkDestination\":\"media\"} -->\n<figure class=\"wp-block-image size-large\"><a href=\"https:\/\/til-tak.no\/wp-content\/uploads\/2021\/10\/img-20210724-093820-scaled.jpg\"><img src=\"https:\/\/til-tak.no\/wp-content\/uploads\/2021\/10\/img-20210724-093820-1024x768.jpg\" alt=\"ny veranda\" class=\"wp-image-32704\"\/><\/a><\/figure>\n<!-- \/wp:image -->\n\n<!-- wp:image {\"id\":32705,\"sizeSlug\":\"large\",\"linkDestination\":\"media\"} -->\n<figure class=\"wp-block-image size-large\"><a href=\"https:\/\/til-tak.no\/wp-content\/uploads\/2021\/10\/img-20210731-134049-scaled.jpg\"><img src=\"https:\/\/til-tak.no\/wp-content\/uploads\/2021\/10\/img-20210731-134049-768x1024.jpg\" alt=\"ny veranda\" class=\"wp-image-32705\"\/><\/a><\/figure>\n<!-- \/wp:image --><\/figure>\n<!-- \/wp:gallery -->\n\n<!-- wp:paragraph -->\n<p>Noen timer sener er resultatet den flotteste verandaen p\u00e5 Helle! Her er det plass til hele familien, og lagringsplass\/tumleplass for videre produktutvikling for TIL-TAK AS\ud83d\ude09<\/p>\n<!-- \/wp:paragraph -->\n\n<!-- wp:gallery {\"linkTo\":\"none\"} -->\n<figure class=\"wp-block-gallery has-nested-images columns-default is-cropped\"><!-- wp:image {\"id\":32710,\"sizeSlug\":\"large\",\"linkDestination\":\"media\"} -->\n<figure class=\"wp-block-image size-large\"><a href=\"https:\/\/til-tak.no\/wp-content\/uploads\/2021\/10\/img-20210829-185531-1-scaled.jpg\"><img src=\"https:\/\/til-tak.no\/wp-content\/uploads\/2021\/10\/img-20210829-185531-1-759x1024.jpg\" alt=\"ny veranda\" class=\"wp-image-32710\"\/><\/a><\/figure>\n<!-- \/wp:image -->\n\n<!-- wp:image {\"id\":32711,\"sizeSlug\":\"large\",\"linkDestination\":\"media\"} -->\n<figure class=\"wp-block-image size-large\"><a href=\"https:\/\/til-tak.no\/wp-content\/uploads\/2021\/10\/img-20210824-121820-scaled.jpg\"><img src=\"https:\/\/til-tak.no\/wp-content\/uploads\/2021\/10\/img-20210824-121820-1024x768.jpg\" alt=\"ny veranda\" class=\"wp-image-32711\"\/><\/a><\/figure>\n<!-- \/wp:image --><figcaption class=\"blocks-gallery-caption wp-element-caption\">Selv om det selvsagt gjenst\u00e5r noe sm\u00e5pirk og opprydding er huseier overm\u00e5te forn\u00f8yd.. <figure class=\"wp-block-image size-large\"><img class=\"wp-image-32702\" src=\"https:\/\/til-tak.no\/wp-content\/uploads\/2021\/10\/img-20210723-125353-1024x768.jpg\" alt=\"skjult innfesting\"><\/figure> <\/figcaption><\/figure>\n<!-- \/wp:gallery -->","post_title":"Ny veranda p\u00e5 Helle med dobbel utnyttelse!","post_excerpt":"","post_status":"publish","comment_status":"closed","ping_status":"closed","post_password":"","post_name":"veranda-pa-helle","to_ping":"","pinged":"","post_modified":"2025-05-07 10:36:26","post_modified_gmt":"2025-05-07 08:36:26","post_content_filtered":"","post_parent":0,"guid":"https:\/\/til-tak.no\/?p=30527","menu_order":0,"post_type":"post","post_mime_type":"","comment_count":"0","filter":"raw"}}],"detaljer":"","documents":false,"videos":false},"_links":{"self":[{"href":"https:\/\/til-tak.no\/en\/wp-json\/wp\/v2\/posts\/40366","targetHints":{"allow":["GET"]}}],"collection":[{"href":"https:\/\/til-tak.no\/en\/wp-json\/wp\/v2\/posts"}],"about":[{"href":"https:\/\/til-tak.no\/en\/wp-json\/wp\/v2\/types\/post"}],"author":[{"embeddable":true,"href":"https:\/\/til-tak.no\/en\/wp-json\/wp\/v2\/users\/5"}],"replies":[{"embeddable":true,"href":"https:\/\/til-tak.no\/en\/wp-json\/wp\/v2\/comments?post=40366"}],"version-history":[{"count":0,"href":"https:\/\/til-tak.no\/en\/wp-json\/wp\/v2\/posts\/40366\/revisions"}],"wp:featuredmedia":[{"embeddable":true,"href":"https:\/\/til-tak.no\/en\/wp-json\/wp\/v2\/media\/40485"}],"wp:attachment":[{"href":"https:\/\/til-tak.no\/en\/wp-json\/wp\/v2\/media?parent=40366"}],"wp:term":[{"taxonomy":"category","embeddable":true,"href":"https:\/\/til-tak.no\/en\/wp-json\/wp\/v2\/categories?post=40366"},{"taxonomy":"post_tag","embeddable":true,"href":"https:\/\/til-tak.no\/en\/wp-json\/wp\/v2\/tags?post=40366"}],"curies":[{"name":"wp","href":"https:\/\/api.w.org\/{rel}","templated":true}]}}